{"id":55834,"date":"2024-12-02T18:19:39","date_gmt":"2024-12-02T18:19:39","guid":{"rendered":"http:\/\/lahora.mx\/?p=55834"},"modified":"2024-12-02T18:19:40","modified_gmt":"2024-12-02T18:19:40","slug":"sancionaran-a-concesionarios-del-transporte-que-suspendan-actividades","status":"publish","type":"post","link":"https:\/\/lahora.mx\/index.php\/2024\/12\/02\/sancionaran-a-concesionarios-del-transporte-que-suspendan-actividades\/","title":{"rendered":"Sancionar\u00e1n a concesionarios del transporte que suspendan actividades"},"content":{"rendered":"\n<p>Los concesionarios del transporte p\u00fablico que suspendan actividades ser\u00e1n acreedores a sanciones, reiter\u00f3 el Secretario de Gobernaci\u00f3n, Javier Aquino Lim\u00f3n, ante la amenaza de paro de labores que lanzaron algunos integrantes del sector para este d\u00eda. Hasta el momento los concesionarios no reportan suspensi\u00f3n de actividades, pero har\u00e1n una manifestaci\u00f3n a las 9:00 de la ma\u00f1ana.<\/p>\n\n\n\n<p>El responsable de la gobernabilidad en Puebla expres\u00f3 que la dependencia tuvo conocimiento de la convocatoria para el paro de labores que lanzaron los transportistas en redes sociales, motivo por el que se tomaron determinadas medidas que ayudaran a evitar afectaciones a los usuarios, aunque no detall\u00f3 m\u00e1s al respecto.<\/p>\n\n\n\n<p>\u201cHay un dispositivo especial para que se pueda cubrir la demanda de los usuarios de estas rutas y segunda de realizarlo (el paro) podr\u00edan tener sanciones y eso lo mencionamos porque siempre ha habido di\u00e1logo para con ellos\u201d, declar\u00f3 en conferencia de prensa esta ma\u00f1ana.<\/p>\n\n\n\n<p>Aquino insisti\u00f3 en que los transportistas tienen derecho a expresar o manifestar sus demandas en torno al aumento a las tarifas del transporte p\u00fablico, pero no hay argumentos para que recurran a medidas como la suspensi\u00f3n del servicio a los usuarios porque el Estado ha mostrado disposici\u00f3n para dialogar con ellos.<\/p>\n\n\n\n<p>Incluso, remarc\u00f3 que ha seguido recibiendo a concesionarios de otras l\u00edneas de transporte, con los que ha acordado reuniones de trabajo para conocer sus demandas o propuestas en lo particular y asegur\u00f3 que otras dependencias como la Secretar\u00eda de Movilidad y Transporte est\u00e1n en la misma condici\u00f3n.<\/p>\n\n\n\n<p>Aunque el paro de labores de los transportistas fue anunciado para las primeras horas de este d\u00eda, hasta el momento no se ha confirmado la suspensi\u00f3n de los recorridos de las unidades.<\/p>\n\n\n\n<p>Los transportistas han anunciado que realizar\u00e1n una manifestaci\u00f3n a las 9:00 de la ma\u00f1ana partiendo de El Gallito, en el Paseo Bravo y posteriormente ofrecer\u00e1n una conferencia de prensa para informar sobre las decisiones que tomar\u00e1n en torno a la suspensi\u00f3n de actividades.<\/p>\n\n\n\n<p>Transportistas fracasan en intento de paro de labores para exigir aumento al pasaje<br>Los concesionarios del transporte p\u00fablico fracasaron en su intento de hacer un paro de labores como protesta ante el rechazo de las autoridades estatales de incrementar la tarifa del pasaje a 19 pesos.<\/p>\n\n\n\n<p>Aunque este d\u00eda se hab\u00eda programado una suspensi\u00f3n de actividades por parte de transportistas, la mayor\u00eda de las rutas circularon con normalidad, seg\u00fan habitantes en Puebla.<\/p>\n\n\n\n<p>De acuerdo con reportes ciudadanos manifestados en redes sociales, rutas como 61A, 68, 19, 44, Galgos del sur, 21, Azteca, 27a operan con normalidad. Sin embargo, algunos usuarios indicaron escasez de unidades de la ruta Loma bella.<\/p>\n\n\n\n<p>Cabe se\u00f1alar que los transportistas tienen programada una manifestaci\u00f3n a las 9:00 horas del Paseo Bravo hacia el z\u00f3calo de la capital poblana.<\/p>\n","protected":false},"excerpt":{"rendered":"<p>Los concesionarios del transporte p\u00fablico que suspendan actividades ser\u00e1n acreedores a sanciones, reiter\u00f3 el Secretario de Gobernaci\u00f3n, Javier Aquino Lim\u00f3n, ante la amenaza de paro de labores que lanzaron algunos integrantes del sector para este d\u00eda. Hasta el momento los concesionarios no reportan suspensi\u00f3n de actividades, pero har\u00e1n una manifestaci\u00f3n a las 9:00 de la [&hellip;]<\/p>\n","protected":false},"author":4,"featured_media":55835,"comment_status":"open","ping_status":"open","sticky":false,"template":"","format":"standard","meta":{"om_disable_all_campaigns":false,"_monsterinsights_skip_tracking":false,"_monsterinsights_sitenote_active":false,"_monsterinsights_sitenote_note":"","_monsterinsights_sitenote_category":0,"footnotes":""},"categories":[175],"tags":[195,223],"class_list":["post-55834","post","type-post","status-publish","format-standard","has-post-thumbnail","hentry","category-local","tag-principal","tag-puebla"],"amp_enabled":true,"_links":{"self":[{"href":"https:\/\/lahora.mx\/index.php\/wp-json\/wp\/v2\/posts\/55834","targetHints":{"allow":["GET"]}}],"collection":[{"href":"https:\/\/lahora.mx\/index.php\/wp-json\/wp\/v2\/posts"}],"about":[{"href":"https:\/\/lahora.mx\/index.php\/wp-json\/wp\/v2\/types\/post"}],"author":[{"embeddable":true,"href":"https:\/\/lahora.mx\/index.php\/wp-json\/wp\/v2\/users\/4"}],"replies":[{"embeddable":true,"href":"https:\/\/lahora.mx\/index.php\/wp-json\/wp\/v2\/comments?post=55834"}],"version-history":[{"count":1,"href":"https:\/\/lahora.mx\/index.php\/wp-json\/wp\/v2\/posts\/55834\/revisions"}],"predecessor-version":[{"id":55836,"href":"https:\/\/lahora.mx\/index.php\/wp-json\/wp\/v2\/posts\/55834\/revisions\/55836"}],"wp:featuredmedia":[{"embeddable":true,"href":"https:\/\/lahora.mx\/index.php\/wp-json\/wp\/v2\/media\/55835"}],"wp:attachment":[{"href":"https:\/\/lahora.mx\/index.php\/wp-json\/wp\/v2\/media?parent=55834"}],"wp:term":[{"taxonomy":"category","embeddable":true,"href":"https:\/\/lahora.mx\/index.php\/wp-json\/wp\/v2\/categories?post=55834"},{"taxonomy":"post_tag","embeddable":true,"href":"https:\/\/lahora.mx\/index.php\/wp-json\/wp\/v2\/tags?post=55834"}],"curies":[{"name":"wp","href":"https:\/\/api.w.org\/{rel}","templated":true}]}}