{"id":55831,"date":"2024-12-02T18:02:00","date_gmt":"2024-12-02T18:02:00","guid":{"rendered":"http:\/\/lahora.mx\/?p=55831"},"modified":"2024-12-02T18:02:00","modified_gmt":"2024-12-02T18:02:00","slug":"protestan-concesionarios-en-centro-historico-para-exigir-aumento-al-pasaje","status":"publish","type":"post","link":"https:\/\/lahora.mx\/index.php\/2024\/12\/02\/protestan-concesionarios-en-centro-historico-para-exigir-aumento-al-pasaje\/","title":{"rendered":"Protestan concesionarios en Centro hist\u00f3rico para exigir aumento al pasaje"},"content":{"rendered":"\n<p>Concesionarios del transporte p\u00fablico protestaron para exigir un aumento al pasaje en Puebla; aseguran que existe una competencia desleal con el sistema RUTA y el transporte ilegal en la zona.<\/p>\n\n\n\n<p>As\u00ed lo declar\u00f3 la ma\u00f1ana de este lunes el representante de los concesionarios, Delfino Reyes, al indicar que su petici\u00f3n de cobrar 19 pesos el pasaje por persona es justa; \u201ces lo que cuesta el RUTA\u201d, subray\u00f3.<\/p>\n\n\n\n<p>Insisti\u00f3 que la propuesta de los concesionarios respecto al aumento al pasaje est\u00e1 dentro del rango de precios que maneja el transporte p\u00fablico ilegal, que aseguraron opera de libre sin represalias de la actual administraci\u00f3n.<\/p>\n\n\n\n<p>\u00abEsos compa\u00f1eros, que tambi\u00e9n son humanos, no bajan su tarifa de 15 a 25 pesos por persona, por dos kil\u00f3metros que los mueven (\u2026) sin concesi\u00f3n, sin seguro, sin licencia\u00bb, explay\u00f3.<\/p>\n\n\n\n<p>Delfino Reyes asegur\u00f3 que con el aumento podr\u00e1n mejorar sus unidades y cubrir insumos como el combustible. Esperan tener una respuesta pronta por el gobierno estatal.<\/p>\n\n\n\n<p>Cerca de las 09:48 horas los concesionarios partieron desde el reloj \u2018el Gallito\u2019, ubicado en Paseo Bravo, y marcharon por Avenida Reforma, con destino al Congreso del Estado.<\/p>\n\n\n\n<p>En su trayecto lanzaron consignas y utilizaron lonas; \u00abEn Puebla se privilegia el transporte d\u00e1ndoselo al monopolio de la RUTA\u00bb, \u00abEn campa\u00f1a abrazos y promesas, despu\u00e9s olvido y miseria\u00bb, fueron algunas de sus escritos.<\/p>\n\n\n\n<p>Tras su llegada al Congreso del Puebla, elementos de la Polic\u00eda Estatal resguardaron las calles 3 y 5 Poniente para impedirles el paso y acceso al recinto p\u00fablico.<\/p>\n","protected":false},"excerpt":{"rendered":"<p>Concesionarios del transporte p\u00fablico protestaron para exigir un aumento al pasaje en Puebla; aseguran que existe una competencia desleal con el sistema RUTA y el transporte ilegal en la zona. As\u00ed lo declar\u00f3 la ma\u00f1ana de este lunes el representante de los concesionarios, Delfino Reyes, al indicar que su petici\u00f3n de cobrar 19 pesos el [&hellip;]<\/p>\n","protected":false},"author":4,"featured_media":55832,"comment_status":"open","ping_status":"open","sticky":false,"template":"","format":"standard","meta":{"om_disable_all_campaigns":false,"_monsterinsights_skip_tracking":false,"_monsterinsights_sitenote_active":false,"_monsterinsights_sitenote_note":"","_monsterinsights_sitenote_category":0,"footnotes":""},"categories":[175],"tags":[195,223],"class_list":["post-55831","post","type-post","status-publish","format-standard","has-post-thumbnail","hentry","category-local","tag-principal","tag-puebla"],"amp_enabled":true,"_links":{"self":[{"href":"https:\/\/lahora.mx\/index.php\/wp-json\/wp\/v2\/posts\/55831","targetHints":{"allow":["GET"]}}],"collection":[{"href":"https:\/\/lahora.mx\/index.php\/wp-json\/wp\/v2\/posts"}],"about":[{"href":"https:\/\/lahora.mx\/index.php\/wp-json\/wp\/v2\/types\/post"}],"author":[{"embeddable":true,"href":"https:\/\/lahora.mx\/index.php\/wp-json\/wp\/v2\/users\/4"}],"replies":[{"embeddable":true,"href":"https:\/\/lahora.mx\/index.php\/wp-json\/wp\/v2\/comments?post=55831"}],"version-history":[{"count":1,"href":"https:\/\/lahora.mx\/index.php\/wp-json\/wp\/v2\/posts\/55831\/revisions"}],"predecessor-version":[{"id":55833,"href":"https:\/\/lahora.mx\/index.php\/wp-json\/wp\/v2\/posts\/55831\/revisions\/55833"}],"wp:featuredmedia":[{"embeddable":true,"href":"https:\/\/lahora.mx\/index.php\/wp-json\/wp\/v2\/media\/55832"}],"wp:attachment":[{"href":"https:\/\/lahora.mx\/index.php\/wp-json\/wp\/v2\/media?parent=55831"}],"wp:term":[{"taxonomy":"category","embeddable":true,"href":"https:\/\/lahora.mx\/index.php\/wp-json\/wp\/v2\/categories?post=55831"},{"taxonomy":"post_tag","embeddable":true,"href":"https:\/\/lahora.mx\/index.php\/wp-json\/wp\/v2\/tags?post=55831"}],"curies":[{"name":"wp","href":"https:\/\/api.w.org\/{rel}","templated":true}]}}