{"id":55828,"date":"2024-12-02T17:11:35","date_gmt":"2024-12-02T17:11:35","guid":{"rendered":"http:\/\/lahora.mx\/?p=55828"},"modified":"2024-12-02T17:11:35","modified_gmt":"2024-12-02T17:11:35","slug":"esta-garantizado-el-transporte-publico-en-caso-de-paro-en-puebla-menciona-el-titular-de-segob","status":"publish","type":"post","link":"https:\/\/lahora.mx\/index.php\/2024\/12\/02\/esta-garantizado-el-transporte-publico-en-caso-de-paro-en-puebla-menciona-el-titular-de-segob\/","title":{"rendered":"Est\u00e1 garantizado el transporte p\u00fablico en caso de paro en Puebla menciona el titular de  Segob"},"content":{"rendered":"\n<p>El transporte p\u00fablico en Puebla capital para este lunes est\u00e1 garantizado en caso de que haya paro de labores por parte los concesionarios, asegur\u00f3 el secretario de Gobernaci\u00f3n, Javier Aquino Lim\u00f3n.<\/p>\n\n\n\n<p>En rueda de prensa, el titular de Secretar\u00eda de Gobernaci\u00f3n (Segob) revel\u00f3 que tienen identificados al menos tres concesionarios que podr\u00edan realizar el paro, tras el rechazo del aumento al pasaje.<\/p>\n\n\n\n<p>El funcionario estatal hizo hincapi\u00e9 en que, en caso de que haya paro, los manifestantes ser\u00e1n sancionados de acuerdo con lo que estipula la ley en la materia.<\/p>\n\n\n\n<p>Remarc\u00f3 que estas medidas s\u00f3lo corresponden a las acciones de los concesionarios, pues la ciudadan\u00eda que se transporta a diario no debe verse afectada por el paro.<\/p>\n\n\n\n<p>\u00abDecirle a la ciudadan\u00eda que este lunes est\u00e1 garantizado el transporte p\u00fablico en caso de que haya un paro de labores en este medio\u00bb, ratific\u00f3.<\/p>\n\n\n\n<p>Javier Aquino record\u00f3 que, hasta el momento, no se termina de consolidar el estudio al respecto de la operatividad del transporte p\u00fablico, ya que este determinar\u00e1 en gran medida las opciones al respecto que se puedan tener sobre el aumento al pasaje.<\/p>\n\n\n\n<p>El titular de la Segob insisti\u00f3 en que el gobierno actual no se cerr\u00f3 al di\u00e1logo con los concesionarios, pero demand\u00f3 que haya visibilidad de los afectados que podr\u00eda haber este lunes ante un posible paro del transporte p\u00fablico.<\/p>\n\n\n\n<p>Se\u00f1al\u00f3 que est\u00e1 la opci\u00f3n de que se retire el descuento para estudiantes, como alternativa a que no haya aumento al pasaje en Puebla.<\/p>\n","protected":false},"excerpt":{"rendered":"<p>El transporte p\u00fablico en Puebla capital para este lunes est\u00e1 garantizado en caso de que haya paro de labores por parte los concesionarios, asegur\u00f3 el secretario de Gobernaci\u00f3n, Javier Aquino Lim\u00f3n. En rueda de prensa, el titular de Secretar\u00eda de Gobernaci\u00f3n (Segob) revel\u00f3 que tienen identificados al menos tres concesionarios que podr\u00edan realizar el paro, [&hellip;]<\/p>\n","protected":false},"author":4,"featured_media":55829,"comment_status":"open","ping_status":"open","sticky":false,"template":"","format":"standard","meta":{"om_disable_all_campaigns":false,"_monsterinsights_skip_tracking":false,"_monsterinsights_sitenote_active":false,"_monsterinsights_sitenote_note":"","_monsterinsights_sitenote_category":0,"footnotes":""},"categories":[175],"tags":[195,223],"class_list":["post-55828","post","type-post","status-publish","format-standard","has-post-thumbnail","hentry","category-local","tag-principal","tag-puebla"],"amp_enabled":true,"_links":{"self":[{"href":"https:\/\/lahora.mx\/index.php\/wp-json\/wp\/v2\/posts\/55828","targetHints":{"allow":["GET"]}}],"collection":[{"href":"https:\/\/lahora.mx\/index.php\/wp-json\/wp\/v2\/posts"}],"about":[{"href":"https:\/\/lahora.mx\/index.php\/wp-json\/wp\/v2\/types\/post"}],"author":[{"embeddable":true,"href":"https:\/\/lahora.mx\/index.php\/wp-json\/wp\/v2\/users\/4"}],"replies":[{"embeddable":true,"href":"https:\/\/lahora.mx\/index.php\/wp-json\/wp\/v2\/comments?post=55828"}],"version-history":[{"count":1,"href":"https:\/\/lahora.mx\/index.php\/wp-json\/wp\/v2\/posts\/55828\/revisions"}],"predecessor-version":[{"id":55830,"href":"https:\/\/lahora.mx\/index.php\/wp-json\/wp\/v2\/posts\/55828\/revisions\/55830"}],"wp:featuredmedia":[{"embeddable":true,"href":"https:\/\/lahora.mx\/index.php\/wp-json\/wp\/v2\/media\/55829"}],"wp:attachment":[{"href":"https:\/\/lahora.mx\/index.php\/wp-json\/wp\/v2\/media?parent=55828"}],"wp:term":[{"taxonomy":"category","embeddable":true,"href":"https:\/\/lahora.mx\/index.php\/wp-json\/wp\/v2\/categories?post=55828"},{"taxonomy":"post_tag","embeddable":true,"href":"https:\/\/lahora.mx\/index.php\/wp-json\/wp\/v2\/tags?post=55828"}],"curies":[{"name":"wp","href":"https:\/\/api.w.org\/{rel}","templated":true}]}}