{"id":55824,"date":"2024-12-02T17:01:03","date_gmt":"2024-12-02T17:01:03","guid":{"rendered":"http:\/\/lahora.mx\/?p=55824"},"modified":"2024-12-02T17:01:03","modified_gmt":"2024-12-02T17:01:03","slug":"biden-indulta-a-su-hijo-tras-ser-condenado-por-posesion-ilegal-de-arma","status":"publish","type":"post","link":"https:\/\/lahora.mx\/index.php\/2024\/12\/02\/biden-indulta-a-su-hijo-tras-ser-condenado-por-posesion-ilegal-de-arma\/","title":{"rendered":"Biden indulta a su hijo, tras ser condenado por posesi\u00f3n ilegal de arma"},"content":{"rendered":"\n<p>El presidente de Estados Unidos, Joe Biden, indult\u00f3 a su hijo Hunter Biden la noche de ayer; revirti\u00f3 su postura anterior de no usar el poder ejecutivo para perdonar o reducir su sentencia.<\/p>\n\n\n\n<p>\u00abDije que no interferir\u00eda con la toma de decisiones del Departamento de Justicia, y cumpl\u00ed mi palabra incluso mientras he visto a mi hijo ser procesado de forma selectiva e injusta (\u2026) Est\u00e1 claro que Hunter fue tratado de manera diferente\u00bb, escribi\u00f3 Joe Biden en un comunicado.<\/p>\n\n\n\n<p>El actual presidente de los Estados Unidos a\u00f1adi\u00f3 que sus oponentes pol\u00edticos en el Congreso instigaron los cargos para atacarlo y oponerse a su elecci\u00f3n.<\/p>\n\n\n\n<p>\u00abNinguna persona razonable que mire a los hechos de los casos de Hunter puede llegar a otra conclusi\u00f3n que no sea que Hunter fue puesto en el punto de mira solo porque es mi hijo, y eso est\u00e1 mal\u00bb, enfatiz\u00f3.<\/p>\n\n\n\n<p>Hunter Biden fue condenado en junio por comprar un arma de fuego en 2018 cuando era adicto a las drogas, lo que marc\u00f3 la primera vez que el hijo de un presidente en ejercicio de los Estados Unidos fue condenado por un delito. Est\u00e1 programado para ser sentenciado el 12 de diciembre.<\/p>\n\n\n\n<p>Tambi\u00e9n est\u00e1 programado para ser sentenciado el 16 de diciembre por cargos de evasi\u00f3n fiscal federal, de los cuales se declar\u00f3 culpable en septiembre, involucrando m\u00e1s de 1.4 millones de d\u00f3lares en impuestos impagados.<\/p>\n\n\n\n<p>El consejero especial David Weiss, que se desempe\u00f1\u00f3 como fiscal de Delaware bajo la Administraci\u00f3n del expresidente estadounidense Donald Trump, lanz\u00f3 una investigaci\u00f3n sobre Hunter Biden en 2018 y present\u00f3 ambas acusaciones en 2023.<\/p>\n","protected":false},"excerpt":{"rendered":"<p>El presidente de Estados Unidos, Joe Biden, indult\u00f3 a su hijo Hunter Biden la noche de ayer; revirti\u00f3 su postura anterior de no usar el poder ejecutivo para perdonar o reducir su sentencia. \u00abDije que no interferir\u00eda con la toma de decisiones del Departamento de Justicia, y cumpl\u00ed mi palabra incluso mientras he visto a [&hellip;]<\/p>\n","protected":false},"author":4,"featured_media":55826,"comment_status":"open","ping_status":"open","sticky":false,"template":"","format":"standard","meta":{"om_disable_all_campaigns":false,"_monsterinsights_skip_tracking":false,"_monsterinsights_sitenote_active":false,"_monsterinsights_sitenote_note":"","_monsterinsights_sitenote_category":0,"footnotes":""},"categories":[183],"tags":[223],"class_list":["post-55824","post","type-post","status-publish","format-standard","has-post-thumbnail","hentry","category-internacional","tag-puebla"],"amp_enabled":true,"_links":{"self":[{"href":"https:\/\/lahora.mx\/index.php\/wp-json\/wp\/v2\/posts\/55824","targetHints":{"allow":["GET"]}}],"collection":[{"href":"https:\/\/lahora.mx\/index.php\/wp-json\/wp\/v2\/posts"}],"about":[{"href":"https:\/\/lahora.mx\/index.php\/wp-json\/wp\/v2\/types\/post"}],"author":[{"embeddable":true,"href":"https:\/\/lahora.mx\/index.php\/wp-json\/wp\/v2\/users\/4"}],"replies":[{"embeddable":true,"href":"https:\/\/lahora.mx\/index.php\/wp-json\/wp\/v2\/comments?post=55824"}],"version-history":[{"count":1,"href":"https:\/\/lahora.mx\/index.php\/wp-json\/wp\/v2\/posts\/55824\/revisions"}],"predecessor-version":[{"id":55827,"href":"https:\/\/lahora.mx\/index.php\/wp-json\/wp\/v2\/posts\/55824\/revisions\/55827"}],"wp:featuredmedia":[{"embeddable":true,"href":"https:\/\/lahora.mx\/index.php\/wp-json\/wp\/v2\/media\/55826"}],"wp:attachment":[{"href":"https:\/\/lahora.mx\/index.php\/wp-json\/wp\/v2\/media?parent=55824"}],"wp:term":[{"taxonomy":"category","embeddable":true,"href":"https:\/\/lahora.mx\/index.php\/wp-json\/wp\/v2\/categories?post=55824"},{"taxonomy":"post_tag","embeddable":true,"href":"https:\/\/lahora.mx\/index.php\/wp-json\/wp\/v2\/tags?post=55824"}],"curies":[{"name":"wp","href":"https:\/\/api.w.org\/{rel}","templated":true}]}}