{"id":55821,"date":"2024-12-02T16:14:01","date_gmt":"2024-12-02T16:14:01","guid":{"rendered":"http:\/\/lahora.mx\/?p=55821"},"modified":"2024-12-02T16:14:02","modified_gmt":"2024-12-02T16:14:02","slug":"balacera-entre-reos-del-penal-de-aguaruto-en-culiacan","status":"publish","type":"post","link":"https:\/\/lahora.mx\/index.php\/2024\/12\/02\/balacera-entre-reos-del-penal-de-aguaruto-en-culiacan\/","title":{"rendered":"Balacera entre reos del penal de Aguaruto, en Culiac\u00e1n"},"content":{"rendered":"\n<p>Una balacera entre reos del Centro de Justicia Penal de Sinaloa, conocido como el Penal de Aguaruto, ubicado en Culiac\u00e1n, se desat\u00f3 entre la noche de ayer y la madrugada de hoy; de manera extraoficial se habla de uno a tres heridos y por lo menos un muerto.<\/p>\n\n\n\n<p>El enfrentamiento comenz\u00f3 alrededor de las 22:00 horas de ayer. En ese momento vecinos de la zona reportaron escuchar varios disparos a n\u00fameros de emergencias. Posteriormente se supo que ven\u00edan del interior del Penal de Aguaruto.<\/p>\n\n\n\n<p>Inicialmente se habl\u00f3 de que los disparos ocurrieron entre los convictos de los m\u00f3dulos 12 y 14; aunque autoridades de Culiac\u00e1n confirmaron y atendieron la disputa \u2014alrededor de las 23:00 horas\u2014, no han corroborado dicha informaci\u00f3n.<\/p>\n\n\n\n<p>El Penal de Aguaruto, ubicado en la capital de Sinaloa, resguarda a criminales de alta peligrosidad, algunos encerrados por homicidio o por vinculados con el narcotr\u00e1fico, detalla Infobae.<\/p>\n\n\n\n<p>Medios locales informaron que un reo fue herido y otro m\u00e1s asesinado, producto de la balacera; Infobae asegur\u00f3 que hubo al menos tres heridos y un muerto.<\/p>\n","protected":false},"excerpt":{"rendered":"<p>Una balacera entre reos del Centro de Justicia Penal de Sinaloa, conocido como el Penal de Aguaruto, ubicado en Culiac\u00e1n, se desat\u00f3 entre la noche de ayer y la madrugada de hoy; de manera extraoficial se habla de uno a tres heridos y por lo menos un muerto. El enfrentamiento comenz\u00f3 alrededor de las 22:00 [&hellip;]<\/p>\n","protected":false},"author":4,"featured_media":55822,"comment_status":"open","ping_status":"open","sticky":false,"template":"","format":"standard","meta":{"om_disable_all_campaigns":false,"_monsterinsights_skip_tracking":false,"_monsterinsights_sitenote_active":false,"_monsterinsights_sitenote_note":"","_monsterinsights_sitenote_category":0,"footnotes":""},"categories":[176,226],"tags":[223],"class_list":["post-55821","post","type-post","status-publish","format-standard","has-post-thumbnail","hentry","category-nacional","category-policia","tag-puebla"],"amp_enabled":true,"_links":{"self":[{"href":"https:\/\/lahora.mx\/index.php\/wp-json\/wp\/v2\/posts\/55821","targetHints":{"allow":["GET"]}}],"collection":[{"href":"https:\/\/lahora.mx\/index.php\/wp-json\/wp\/v2\/posts"}],"about":[{"href":"https:\/\/lahora.mx\/index.php\/wp-json\/wp\/v2\/types\/post"}],"author":[{"embeddable":true,"href":"https:\/\/lahora.mx\/index.php\/wp-json\/wp\/v2\/users\/4"}],"replies":[{"embeddable":true,"href":"https:\/\/lahora.mx\/index.php\/wp-json\/wp\/v2\/comments?post=55821"}],"version-history":[{"count":1,"href":"https:\/\/lahora.mx\/index.php\/wp-json\/wp\/v2\/posts\/55821\/revisions"}],"predecessor-version":[{"id":55823,"href":"https:\/\/lahora.mx\/index.php\/wp-json\/wp\/v2\/posts\/55821\/revisions\/55823"}],"wp:featuredmedia":[{"embeddable":true,"href":"https:\/\/lahora.mx\/index.php\/wp-json\/wp\/v2\/media\/55822"}],"wp:attachment":[{"href":"https:\/\/lahora.mx\/index.php\/wp-json\/wp\/v2\/media?parent=55821"}],"wp:term":[{"taxonomy":"category","embeddable":true,"href":"https:\/\/lahora.mx\/index.php\/wp-json\/wp\/v2\/categories?post=55821"},{"taxonomy":"post_tag","embeddable":true,"href":"https:\/\/lahora.mx\/index.php\/wp-json\/wp\/v2\/tags?post=55821"}],"curies":[{"name":"wp","href":"https:\/\/api.w.org\/{rel}","templated":true}]}}