{"id":55735,"date":"2024-11-10T18:37:35","date_gmt":"2024-11-10T18:37:35","guid":{"rendered":"http:\/\/lahora.mx\/?p=55735"},"modified":"2024-12-01T18:38:46","modified_gmt":"2024-12-01T18:38:46","slug":"diputada-kathya-sanchez-promueve-participacion-de-mujeres-de-pueblos-originarios-en-el-congreso-del-estado","status":"publish","type":"post","link":"https:\/\/lahora.mx\/index.php\/2024\/11\/10\/diputada-kathya-sanchez-promueve-participacion-de-mujeres-de-pueblos-originarios-en-el-congreso-del-estado\/","title":{"rendered":"Diputada Kathya S\u00e1nchez promueve participaci\u00f3n de mujeres de pueblos originarios en el Congreso del Estado"},"content":{"rendered":"\n<p>Mujeres l\u00edderes de pueblos originarios del municipio de Cuautempan participaron en el programa \u201cDiputada por un d\u00eda\u201d en el Sal\u00f3n de Pleno del Congreso del Estado.<\/p>\n\n\n\n<p>La diputada Kathya S\u00e1nchez Rodr\u00edguez, les dio la bienvenida e inst\u00f3 a seguir luchando por su bienestar, el de sus familias y sus comunidades, con la premisa de que las mujeres pueden alcanzar todos sus sue\u00f1os.<\/p>\n\n\n\n<p>El prop\u00f3sito de la visita fue que las mujeres conocieran el recinto donde el Poder Legislativo analiza, revisa y reforma el marco legal que rige la vida en Puebla.<\/p>\n\n\n\n<p>La legisladora les reiter\u00f3 su compromiso por promover, conservar y rescatar las danzas originarias de Cuautempan, como lo son la Danza de los Coconetes, los Negritos y Xochipitzahuatl.<\/p>\n\n\n\n<p>Esto, considerando la dotaci\u00f3n en toda la indumentaria para su participaci\u00f3n en las diferentes comunidades donde se les solicite.<\/p>\n\n\n\n<p>A su vez, se comprometi\u00f3 a la gesti\u00f3n para el incremento en la remuneraci\u00f3n de curanderas, parteras y m\u00e9dicos tradicionales de la regi\u00f3n.<\/p>\n\n\n\n<p>Finalmente, asumi\u00f3 el compromiso de gestionar becas para conservar la lengua ind\u00edgena y as\u00ed evitar que se pierdan sus ra\u00edces.<\/p>\n","protected":false},"excerpt":{"rendered":"<p>Mujeres l\u00edderes de pueblos originarios del municipio de Cuautempan participaron en el programa \u201cDiputada por un d\u00eda\u201d en el Sal\u00f3n de Pleno del Congreso del Estado. La diputada Kathya S\u00e1nchez Rodr\u00edguez, les dio la bienvenida e inst\u00f3 a seguir luchando por su bienestar, el de sus familias y sus comunidades, con la premisa de que [&hellip;]<\/p>\n","protected":false},"author":4,"featured_media":55736,"comment_status":"open","ping_status":"open","sticky":false,"template":"","format":"standard","meta":{"om_disable_all_campaigns":false,"_monsterinsights_skip_tracking":false,"_monsterinsights_sitenote_active":false,"_monsterinsights_sitenote_note":"","_monsterinsights_sitenote_category":0,"footnotes":""},"categories":[175],"tags":[227,223],"class_list":["post-55735","post","type-post","status-publish","format-standard","has-post-thumbnail","hentry","category-local","tag-congreso","tag-puebla"],"amp_enabled":true,"_links":{"self":[{"href":"https:\/\/lahora.mx\/index.php\/wp-json\/wp\/v2\/posts\/55735","targetHints":{"allow":["GET"]}}],"collection":[{"href":"https:\/\/lahora.mx\/index.php\/wp-json\/wp\/v2\/posts"}],"about":[{"href":"https:\/\/lahora.mx\/index.php\/wp-json\/wp\/v2\/types\/post"}],"author":[{"embeddable":true,"href":"https:\/\/lahora.mx\/index.php\/wp-json\/wp\/v2\/users\/4"}],"replies":[{"embeddable":true,"href":"https:\/\/lahora.mx\/index.php\/wp-json\/wp\/v2\/comments?post=55735"}],"version-history":[{"count":1,"href":"https:\/\/lahora.mx\/index.php\/wp-json\/wp\/v2\/posts\/55735\/revisions"}],"predecessor-version":[{"id":55737,"href":"https:\/\/lahora.mx\/index.php\/wp-json\/wp\/v2\/posts\/55735\/revisions\/55737"}],"wp:featuredmedia":[{"embeddable":true,"href":"https:\/\/lahora.mx\/index.php\/wp-json\/wp\/v2\/media\/55736"}],"wp:attachment":[{"href":"https:\/\/lahora.mx\/index.php\/wp-json\/wp\/v2\/media?parent=55735"}],"wp:term":[{"taxonomy":"category","embeddable":true,"href":"https:\/\/lahora.mx\/index.php\/wp-json\/wp\/v2\/categories?post=55735"},{"taxonomy":"post_tag","embeddable":true,"href":"https:\/\/lahora.mx\/index.php\/wp-json\/wp\/v2\/tags?post=55735"}],"curies":[{"name":"wp","href":"https:\/\/api.w.org\/{rel}","templated":true}]}}