{"id":55648,"date":"2024-11-24T14:38:03","date_gmt":"2024-11-24T14:38:03","guid":{"rendered":"http:\/\/lahora.mx\/?p=55648"},"modified":"2024-11-29T14:39:43","modified_gmt":"2024-11-29T14:39:43","slug":"conmemora-gobierno-estatal-50-aniversario-de-casa-de-la-cultura","status":"publish","type":"post","link":"https:\/\/lahora.mx\/index.php\/2024\/11\/24\/conmemora-gobierno-estatal-50-aniversario-de-casa-de-la-cultura\/","title":{"rendered":"Conmemora gobierno estatal 50 aniversario de Casa de la Cultura"},"content":{"rendered":"\n<p>Con motivo del 50 aniversario de la Casa de la Cultura \u201cProfesor Pedro \u00c1ngel Palou P\u00e9rez\u201d, el gobierno presente de Sergio Salom\u00f3n, a trav\u00e9s de la Secretar\u00eda de Cultura, llev\u00f3 a cabo una ceremonia conmemorativa en dicho recinto, ubicado en la 5 Oriente n\u00famero 5 del Centro Hist\u00f3rico.<\/p>\n\n\n\n<p>La ceremonia fue encabezada por el titular de la dependencia, Enrique Glockner Corte, quien expres\u00f3 lo que significa para \u00e9l presidir dicha celebraci\u00f3n, pues a lo largo del tiempo ha sido testigo de c\u00f3mo cada uno de los espacios de este recinto han sido part\u00edcipes de lo que es la vida cultural de Puebla actualmente, gracias al esfuerzo de las personalidades y colaboradores que lo hicieron posible.<\/p>\n\n\n\n<p>A su vez, fue inaugurada la primera etapa de la intervenci\u00f3n en sitio \u201cUniverso Expandido XI\u201d, del artista multidisciplinario Raymundo Sesma, realizadas en espacios de la Casa de la Cultura como el acceso y la Biblioteca P\u00fablica \u201cFernando Tola de Habich\u201d. La segunda etapa contemplar\u00e1 tambi\u00e9n intervenciones en la Biblioteca P\u00fablica \u201cGabino Barreda\u201d, igualmente perteneciente a este espacio.<\/p>\n\n\n\n<p>Fundada por el profesor, escritor y activista, Pedro \u00c1ngel Palou P\u00e9rez, la Casa de la Cultura forma parte de uno de los recintos m\u00e1s emblem\u00e1ticos de la capital, no solo por el valor patrimonial que representa sino tambi\u00e9n, por acoger diversas actividades art\u00edsticas y culturales a nivel global, ofreciendo as\u00ed un espacio vivo que garantiza el acceso a la cultura para poblanas, poblanos y turistas.<\/p>\n","protected":false},"excerpt":{"rendered":"<p>Con motivo del 50 aniversario de la Casa de la Cultura \u201cProfesor Pedro \u00c1ngel Palou P\u00e9rez\u201d, el gobierno presente de Sergio Salom\u00f3n, a trav\u00e9s de la Secretar\u00eda de Cultura, llev\u00f3 a cabo una ceremonia conmemorativa en dicho recinto, ubicado en la 5 Oriente n\u00famero 5 del Centro Hist\u00f3rico. La ceremonia fue encabezada por el titular [&hellip;]<\/p>\n","protected":false},"author":4,"featured_media":55649,"comment_status":"open","ping_status":"open","sticky":false,"template":"","format":"standard","meta":{"om_disable_all_campaigns":false,"_monsterinsights_skip_tracking":false,"_monsterinsights_sitenote_active":false,"_monsterinsights_sitenote_note":"","_monsterinsights_sitenote_category":0,"footnotes":""},"categories":[175],"tags":[239,223],"class_list":["post-55648","post","type-post","status-publish","format-standard","has-post-thumbnail","hentry","category-local","tag-gobierno","tag-puebla"],"amp_enabled":true,"_links":{"self":[{"href":"https:\/\/lahora.mx\/index.php\/wp-json\/wp\/v2\/posts\/55648","targetHints":{"allow":["GET"]}}],"collection":[{"href":"https:\/\/lahora.mx\/index.php\/wp-json\/wp\/v2\/posts"}],"about":[{"href":"https:\/\/lahora.mx\/index.php\/wp-json\/wp\/v2\/types\/post"}],"author":[{"embeddable":true,"href":"https:\/\/lahora.mx\/index.php\/wp-json\/wp\/v2\/users\/4"}],"replies":[{"embeddable":true,"href":"https:\/\/lahora.mx\/index.php\/wp-json\/wp\/v2\/comments?post=55648"}],"version-history":[{"count":1,"href":"https:\/\/lahora.mx\/index.php\/wp-json\/wp\/v2\/posts\/55648\/revisions"}],"predecessor-version":[{"id":55650,"href":"https:\/\/lahora.mx\/index.php\/wp-json\/wp\/v2\/posts\/55648\/revisions\/55650"}],"wp:featuredmedia":[{"embeddable":true,"href":"https:\/\/lahora.mx\/index.php\/wp-json\/wp\/v2\/media\/55649"}],"wp:attachment":[{"href":"https:\/\/lahora.mx\/index.php\/wp-json\/wp\/v2\/media?parent=55648"}],"wp:term":[{"taxonomy":"category","embeddable":true,"href":"https:\/\/lahora.mx\/index.php\/wp-json\/wp\/v2\/categories?post=55648"},{"taxonomy":"post_tag","embeddable":true,"href":"https:\/\/lahora.mx\/index.php\/wp-json\/wp\/v2\/tags?post=55648"}],"curies":[{"name":"wp","href":"https:\/\/api.w.org\/{rel}","templated":true}]}}