{"id":5563,"date":"2022-04-17T20:37:36","date_gmt":"2022-04-17T20:37:36","guid":{"rendered":"http:\/\/lahora.mx\/?p=5563"},"modified":"2022-04-17T20:37:36","modified_gmt":"2022-04-17T20:37:36","slug":"al-menos-2-muertos-y-9-heridos-en-tiroteo-durante-fiesta-en-pittsburgh","status":"publish","type":"post","link":"https:\/\/lahora.mx\/index.php\/2022\/04\/17\/al-menos-2-muertos-y-9-heridos-en-tiroteo-durante-fiesta-en-pittsburgh\/","title":{"rendered":"Al menos 2 muertos y 9 heridos en tiroteo durante fiesta  en Pittsburgh"},"content":{"rendered":"\n<p><strong>Dos j\u00f3venes murieron<\/strong>&nbsp;y al menos otros&nbsp;<strong>nueve resultaron heridos&nbsp;<\/strong>en un&nbsp;<strong>tiroteo<\/strong>&nbsp;registrado la madrugada de este domingo durante una&nbsp;<strong>fiesta<\/strong>&nbsp;en la ciudad estadunidense de<strong>&nbsp;Pittsburgh<\/strong>, inform\u00f3 la polic\u00eda local.<\/p>\n\n\n\n<p>El<strong>\u00a0tiroteo\u00a0<\/strong>ocurri\u00f3 justo despu\u00e9s de las 12:30 am en una propiedad de alquiler en la que se estaba celebrando una\u00a0<strong>fiesta\u00a0<\/strong>con alrededor de\u00a0<strong>200 personas,<\/strong>\u00a0muchas de las cuales eran\u00a0<strong>menores de edad<\/strong>, agreg\u00f3 la polic\u00eda en un comunicado de prensa.<br><\/p>\n\n\n\n<p>No se proporcionaron m\u00e1s detalles sobre los fallecidos.<\/p>\n\n\n\n<p>La evidencia disponible se est\u00e1 procesando en hasta ocho escenas del crimen separadas y los agentes est\u00e1n interrogando a testigos y revisando las im\u00e1genes de c\u00e1maras de seguridad, seg\u00fan el reporte.<\/p>\n","protected":false},"excerpt":{"rendered":"<p>Dos j\u00f3venes murieron&nbsp;y al menos otros&nbsp;nueve resultaron heridos&nbsp;en un&nbsp;tiroteo&nbsp;registrado la madrugada de este domingo durante una&nbsp;fiesta&nbsp;en la ciudad estadunidense de&nbsp;Pittsburgh, inform\u00f3 la polic\u00eda local. El\u00a0tiroteo\u00a0ocurri\u00f3 justo despu\u00e9s de las 12:30 am en una propiedad de alquiler en la que se estaba celebrando una\u00a0fiesta\u00a0con alrededor de\u00a0200 personas,\u00a0muchas de las cuales eran\u00a0menores de edad, agreg\u00f3 la polic\u00eda [&hellip;]<\/p>\n","protected":false},"author":4,"featured_media":5564,"comment_status":"open","ping_status":"open","sticky":false,"template":"","format":"standard","meta":{"om_disable_all_campaigns":false,"_monsterinsights_skip_tracking":false,"_monsterinsights_sitenote_active":false,"_monsterinsights_sitenote_note":"","_monsterinsights_sitenote_category":0,"footnotes":""},"categories":[183],"tags":[],"class_list":["post-5563","post","type-post","status-publish","format-standard","has-post-thumbnail","hentry","category-internacional"],"amp_enabled":true,"_links":{"self":[{"href":"https:\/\/lahora.mx\/index.php\/wp-json\/wp\/v2\/posts\/5563","targetHints":{"allow":["GET"]}}],"collection":[{"href":"https:\/\/lahora.mx\/index.php\/wp-json\/wp\/v2\/posts"}],"about":[{"href":"https:\/\/lahora.mx\/index.php\/wp-json\/wp\/v2\/types\/post"}],"author":[{"embeddable":true,"href":"https:\/\/lahora.mx\/index.php\/wp-json\/wp\/v2\/users\/4"}],"replies":[{"embeddable":true,"href":"https:\/\/lahora.mx\/index.php\/wp-json\/wp\/v2\/comments?post=5563"}],"version-history":[{"count":1,"href":"https:\/\/lahora.mx\/index.php\/wp-json\/wp\/v2\/posts\/5563\/revisions"}],"predecessor-version":[{"id":5565,"href":"https:\/\/lahora.mx\/index.php\/wp-json\/wp\/v2\/posts\/5563\/revisions\/5565"}],"wp:featuredmedia":[{"embeddable":true,"href":"https:\/\/lahora.mx\/index.php\/wp-json\/wp\/v2\/media\/5564"}],"wp:attachment":[{"href":"https:\/\/lahora.mx\/index.php\/wp-json\/wp\/v2\/media?parent=5563"}],"wp:term":[{"taxonomy":"category","embeddable":true,"href":"https:\/\/lahora.mx\/index.php\/wp-json\/wp\/v2\/categories?post=5563"},{"taxonomy":"post_tag","embeddable":true,"href":"https:\/\/lahora.mx\/index.php\/wp-json\/wp\/v2\/tags?post=5563"}],"curies":[{"name":"wp","href":"https:\/\/api.w.org\/{rel}","templated":true}]}}