{"id":55453,"date":"2024-11-24T00:58:05","date_gmt":"2024-11-24T00:58:05","guid":{"rendered":"http:\/\/lahora.mx\/?p=55453"},"modified":"2024-11-25T00:58:54","modified_gmt":"2024-11-25T00:58:54","slug":"transportistas-de-la-catem-bloquean-carretera-de-cuetzalan","status":"publish","type":"post","link":"https:\/\/lahora.mx\/index.php\/2024\/11\/24\/transportistas-de-la-catem-bloquean-carretera-de-cuetzalan\/","title":{"rendered":"Transportistas de la CATEM bloquean carretera de Cuetzalan"},"content":{"rendered":"\n<p>Integrantes del Movimiento Ind\u00edgena N\u00e1huatl y Totonaco (Moint), y de la Confederaci\u00f3n Aut\u00f3noma de Trabajadores y Empleados de M\u00e9xico (Catem) bloquearon la carretera estatal a Cuetzalan, a la altura de la localidad de Pahapatapan, para exigir la presencia del presidente municipal \u00d3scar Paula Cruz.<\/p>\n\n\n\n<p>Seg\u00fan informes, lo anterior se deriv\u00f3 de que en d\u00edas pasados fue infraccionada una unidad de transporte p\u00fablico perteneciente a la Catem por estacionarse en un lugar prohibido, hecho por el que decidieron llevar a cabo un plant\u00f3n para presionar a las autoridades locales.<\/p>\n\n\n\n<p>El bloqueo comenz\u00f3 aproximadamente a las 13:00 horas, y luego de algunos minutos lleg\u00f3 el edil de Cuetzalan, \u00d3scar Paula, para dialogar con los inconformes, quienes le expusieron el presunto abuso de autoridad que sufren por parte de la nueva administraci\u00f3n.<\/p>\n\n\n\n<p>Tras la promesa de continuar el di\u00e1logo, los veh\u00edculos que bloqueaban la carretera fueron retirados y se abri\u00f3 la circulaci\u00f3n minutos despu\u00e9s de las 14:00 horas.<\/p>\n\n\n\n<p>Cabe se\u00f1alar que la Catem mantiene unidades particulares que brindan el servicio de transporte p\u00fablico en diferentes localidades del pueblo m\u00e1gico.<\/p>\n\n\n\n<p>Al iniciar la nueva administraci\u00f3n en octubre pasado, la direcci\u00f3n de vialidad municipal a cargo de la funcionaria Claudia Bonilla empez\u00f3 a aplicar diferentes sanciones a quienes violaban el reglamento local, lo que gener\u00f3 molestia entre los agremiados.<\/p>\n\n\n\n<p>Asimismo, los miembros de dicha confederaci\u00f3n son amparados por el Diputado Local en esta legislatura, Elpidio D\u00edaz Escobar, quien tambi\u00e9n es presidente de la comisi\u00f3n de transporte y que, desde inicios de 2024, comenzara a dar el respaldo para el ingreso de unidades particulares en diferentes municipios de Puebla.<\/p>\n","protected":false},"excerpt":{"rendered":"<p>Integrantes del Movimiento Ind\u00edgena N\u00e1huatl y Totonaco (Moint), y de la Confederaci\u00f3n Aut\u00f3noma de Trabajadores y Empleados de M\u00e9xico (Catem) bloquearon la carretera estatal a Cuetzalan, a la altura de la localidad de Pahapatapan, para exigir la presencia del presidente municipal \u00d3scar Paula Cruz. Seg\u00fan informes, lo anterior se deriv\u00f3 de que en d\u00edas pasados [&hellip;]<\/p>\n","protected":false},"author":4,"featured_media":55454,"comment_status":"open","ping_status":"open","sticky":false,"template":"","format":"standard","meta":{"om_disable_all_campaigns":false,"_monsterinsights_skip_tracking":false,"_monsterinsights_sitenote_active":false,"_monsterinsights_sitenote_note":"","_monsterinsights_sitenote_category":0,"footnotes":""},"categories":[175],"tags":[223],"class_list":["post-55453","post","type-post","status-publish","format-standard","has-post-thumbnail","hentry","category-local","tag-puebla"],"amp_enabled":true,"_links":{"self":[{"href":"https:\/\/lahora.mx\/index.php\/wp-json\/wp\/v2\/posts\/55453","targetHints":{"allow":["GET"]}}],"collection":[{"href":"https:\/\/lahora.mx\/index.php\/wp-json\/wp\/v2\/posts"}],"about":[{"href":"https:\/\/lahora.mx\/index.php\/wp-json\/wp\/v2\/types\/post"}],"author":[{"embeddable":true,"href":"https:\/\/lahora.mx\/index.php\/wp-json\/wp\/v2\/users\/4"}],"replies":[{"embeddable":true,"href":"https:\/\/lahora.mx\/index.php\/wp-json\/wp\/v2\/comments?post=55453"}],"version-history":[{"count":1,"href":"https:\/\/lahora.mx\/index.php\/wp-json\/wp\/v2\/posts\/55453\/revisions"}],"predecessor-version":[{"id":55455,"href":"https:\/\/lahora.mx\/index.php\/wp-json\/wp\/v2\/posts\/55453\/revisions\/55455"}],"wp:featuredmedia":[{"embeddable":true,"href":"https:\/\/lahora.mx\/index.php\/wp-json\/wp\/v2\/media\/55454"}],"wp:attachment":[{"href":"https:\/\/lahora.mx\/index.php\/wp-json\/wp\/v2\/media?parent=55453"}],"wp:term":[{"taxonomy":"category","embeddable":true,"href":"https:\/\/lahora.mx\/index.php\/wp-json\/wp\/v2\/categories?post=55453"},{"taxonomy":"post_tag","embeddable":true,"href":"https:\/\/lahora.mx\/index.php\/wp-json\/wp\/v2\/tags?post=55453"}],"curies":[{"name":"wp","href":"https:\/\/api.w.org\/{rel}","templated":true}]}}