{"id":55359,"date":"2024-11-22T16:30:33","date_gmt":"2024-11-22T16:30:33","guid":{"rendered":"http:\/\/lahora.mx\/?p=55359"},"modified":"2024-11-22T16:30:33","modified_gmt":"2024-11-22T16:30:33","slug":"balean-a-policia-municipal-al-llegar-a-su-casa-en-hacienda-santa-clara","status":"publish","type":"post","link":"https:\/\/lahora.mx\/index.php\/2024\/11\/22\/balean-a-policia-municipal-al-llegar-a-su-casa-en-hacienda-santa-clara\/","title":{"rendered":"Balean a polic\u00eda municipal al llegar a su casa en Hacienda Santa Clara"},"content":{"rendered":"\n<p>Un elemento de la Polic\u00eda Municipal de Puebla fue baleado cuando llegaba a su domicilio en el fraccionamiento Hacienda Santa Clara, la madrugada de este viernes alrededor de las 02:30 horas.<\/p>\n\n\n\n<p>Vecinos del fraccionamiento Hacienda Santa Clara reportaron el ataque; al sitio acudieron polic\u00edas que encontraron un veh\u00edculo rafagueado cerca de la calle 141 Poniente, del conjunto habitacional.<\/p>\n\n\n\n<p>En el interior de la unidad hallaron a un hombre quien, aunque estaba herido, refiri\u00f3 era agente de la Polic\u00eda Municipal de Puebla.<\/p>\n\n\n\n<p>Al hombre baleado lo atendi\u00f3 una ambulancia de Protecci\u00f3n Civil municipal. Lo estabilizaron y trasladaron a un hospital. Fuentes policiales reportaron su estado de salud como estable.<\/p>\n\n\n\n<p>La Secretar\u00eda de Seguridad Ciudadana (SSC) confirm\u00f3 el atentado que recibi\u00f3 uno de sus elementos. Se\u00f1al\u00f3 que los responsables fueron dos sujetos.<\/p>\n\n\n\n<p>Respecto a las indagatorias, el caso ya se encuentra en manos de la Fiscal\u00eda General del Estado (FGE), pero a\u00fan no hay detenidos.<\/p>\n","protected":false},"excerpt":{"rendered":"<p>Un elemento de la Polic\u00eda Municipal de Puebla fue baleado cuando llegaba a su domicilio en el fraccionamiento Hacienda Santa Clara, la madrugada de este viernes alrededor de las 02:30 horas. Vecinos del fraccionamiento Hacienda Santa Clara reportaron el ataque; al sitio acudieron polic\u00edas que encontraron un veh\u00edculo rafagueado cerca de la calle 141 Poniente, [&hellip;]<\/p>\n","protected":false},"author":4,"featured_media":55360,"comment_status":"open","ping_status":"open","sticky":false,"template":"","format":"standard","meta":{"om_disable_all_campaigns":false,"_monsterinsights_skip_tracking":false,"_monsterinsights_sitenote_active":false,"_monsterinsights_sitenote_note":"","_monsterinsights_sitenote_category":0,"footnotes":""},"categories":[175,226],"tags":[223],"class_list":["post-55359","post","type-post","status-publish","format-standard","has-post-thumbnail","hentry","category-local","category-policia","tag-puebla"],"amp_enabled":true,"_links":{"self":[{"href":"https:\/\/lahora.mx\/index.php\/wp-json\/wp\/v2\/posts\/55359","targetHints":{"allow":["GET"]}}],"collection":[{"href":"https:\/\/lahora.mx\/index.php\/wp-json\/wp\/v2\/posts"}],"about":[{"href":"https:\/\/lahora.mx\/index.php\/wp-json\/wp\/v2\/types\/post"}],"author":[{"embeddable":true,"href":"https:\/\/lahora.mx\/index.php\/wp-json\/wp\/v2\/users\/4"}],"replies":[{"embeddable":true,"href":"https:\/\/lahora.mx\/index.php\/wp-json\/wp\/v2\/comments?post=55359"}],"version-history":[{"count":1,"href":"https:\/\/lahora.mx\/index.php\/wp-json\/wp\/v2\/posts\/55359\/revisions"}],"predecessor-version":[{"id":55361,"href":"https:\/\/lahora.mx\/index.php\/wp-json\/wp\/v2\/posts\/55359\/revisions\/55361"}],"wp:featuredmedia":[{"embeddable":true,"href":"https:\/\/lahora.mx\/index.php\/wp-json\/wp\/v2\/media\/55360"}],"wp:attachment":[{"href":"https:\/\/lahora.mx\/index.php\/wp-json\/wp\/v2\/media?parent=55359"}],"wp:term":[{"taxonomy":"category","embeddable":true,"href":"https:\/\/lahora.mx\/index.php\/wp-json\/wp\/v2\/categories?post=55359"},{"taxonomy":"post_tag","embeddable":true,"href":"https:\/\/lahora.mx\/index.php\/wp-json\/wp\/v2\/tags?post=55359"}],"curies":[{"name":"wp","href":"https:\/\/api.w.org\/{rel}","templated":true}]}}