{"id":55356,"date":"2024-11-22T16:13:11","date_gmt":"2024-11-22T16:13:11","guid":{"rendered":"http:\/\/lahora.mx\/?p=55356"},"modified":"2024-11-22T16:13:11","modified_gmt":"2024-11-22T16:13:11","slug":"segundo-y-ultimo-informe-de-gobierno-de-sergio-salomon","status":"publish","type":"post","link":"https:\/\/lahora.mx\/index.php\/2024\/11\/22\/segundo-y-ultimo-informe-de-gobierno-de-sergio-salomon\/","title":{"rendered":"Segundo y \u00faltimo informe de gobierno de Sergio Salom\u00f3n"},"content":{"rendered":"\n<p>El segundo y \u00faltimo informe de gobierno del gobernador, Sergio Salom\u00f3n C\u00e9spedes Peregrina, se program\u00f3 para este viernes; el primer acto protocolario se pact\u00f3 a las 08:00 horas, en la nueva sede del Congreso de Puebla.<\/p>\n\n\n\n<p>Ah\u00ed el titular del Ejecutivo poblano, frente a la LXII Legislatura, rendir\u00e1 cuentas de sus acciones; tres horas despu\u00e9s se plane\u00f3 una lectura detallada del informe de gobierno en la Plaza de la Victoria, ubicada en la zona de Los Fuertes de Loreto y Guadalupe.<\/p>\n\n\n\n<p>Este ser\u00e1 el segundo informe de labores del gobernador de Puebla, Sergio Salom\u00f3n C\u00e9spedes Peregrina, quien lleg\u00f3 al cargo luego de la muerte de Miguel Barbosa Huerta, en 2022. Se trata del sexto de la administraci\u00f3n.<\/p>\n","protected":false},"excerpt":{"rendered":"<p>El segundo y \u00faltimo informe de gobierno del gobernador, Sergio Salom\u00f3n C\u00e9spedes Peregrina, se program\u00f3 para este viernes; el primer acto protocolario se pact\u00f3 a las 08:00 horas, en la nueva sede del Congreso de Puebla. Ah\u00ed el titular del Ejecutivo poblano, frente a la LXII Legislatura, rendir\u00e1 cuentas de sus acciones; tres horas despu\u00e9s [&hellip;]<\/p>\n","protected":false},"author":4,"featured_media":55357,"comment_status":"open","ping_status":"open","sticky":false,"template":"","format":"standard","meta":{"om_disable_all_campaigns":false,"_monsterinsights_skip_tracking":false,"_monsterinsights_sitenote_active":false,"_monsterinsights_sitenote_note":"","_monsterinsights_sitenote_category":0,"footnotes":""},"categories":[175],"tags":[239,195,223],"class_list":["post-55356","post","type-post","status-publish","format-standard","has-post-thumbnail","hentry","category-local","tag-gobierno","tag-principal","tag-puebla"],"amp_enabled":true,"_links":{"self":[{"href":"https:\/\/lahora.mx\/index.php\/wp-json\/wp\/v2\/posts\/55356","targetHints":{"allow":["GET"]}}],"collection":[{"href":"https:\/\/lahora.mx\/index.php\/wp-json\/wp\/v2\/posts"}],"about":[{"href":"https:\/\/lahora.mx\/index.php\/wp-json\/wp\/v2\/types\/post"}],"author":[{"embeddable":true,"href":"https:\/\/lahora.mx\/index.php\/wp-json\/wp\/v2\/users\/4"}],"replies":[{"embeddable":true,"href":"https:\/\/lahora.mx\/index.php\/wp-json\/wp\/v2\/comments?post=55356"}],"version-history":[{"count":1,"href":"https:\/\/lahora.mx\/index.php\/wp-json\/wp\/v2\/posts\/55356\/revisions"}],"predecessor-version":[{"id":55358,"href":"https:\/\/lahora.mx\/index.php\/wp-json\/wp\/v2\/posts\/55356\/revisions\/55358"}],"wp:featuredmedia":[{"embeddable":true,"href":"https:\/\/lahora.mx\/index.php\/wp-json\/wp\/v2\/media\/55357"}],"wp:attachment":[{"href":"https:\/\/lahora.mx\/index.php\/wp-json\/wp\/v2\/media?parent=55356"}],"wp:term":[{"taxonomy":"category","embeddable":true,"href":"https:\/\/lahora.mx\/index.php\/wp-json\/wp\/v2\/categories?post=55356"},{"taxonomy":"post_tag","embeddable":true,"href":"https:\/\/lahora.mx\/index.php\/wp-json\/wp\/v2\/tags?post=55356"}],"curies":[{"name":"wp","href":"https:\/\/api.w.org\/{rel}","templated":true}]}}