{"id":55352,"date":"2024-11-22T03:21:46","date_gmt":"2024-11-22T03:21:46","guid":{"rendered":"http:\/\/lahora.mx\/?p=55352"},"modified":"2024-11-22T03:21:46","modified_gmt":"2024-11-22T03:21:46","slug":"detienen-a-marilyn-cote-en-natal-tlaxcala","status":"publish","type":"post","link":"https:\/\/lahora.mx\/index.php\/2024\/11\/22\/detienen-a-marilyn-cote-en-natal-tlaxcala\/","title":{"rendered":"Detienen a Marilyn Cote en natal Tlaxcala"},"content":{"rendered":"\n<p>La Fiscal\u00eda General del Estado (FGE) de Puebla detuvo en el estado de Tlaxcala a Marilyn Cote, quien se hac\u00eda pasar como psiquiatra y su caso fue viralizado en semanas recientes en redes sociales.<\/p>\n\n\n\n<p>La fiscal\u00eda de Puebla tuvo colaboraci\u00f3n con su hom\u00f3loga de Tlaxcala para lograr la captura, fue as\u00ed que la orden judicial por usurpaci\u00f3n de profesi\u00f3n se cumpli\u00f3 en aquella entidad y la investigaci\u00f3n contin\u00faa.<\/p>\n\n\n\n<p>\u200b<br>Marilyn Karina Cote Mendieta naci\u00f3 el 24 de mayo de 1975 en la capital de Tlaxcala, de acuerdo con su Clave \u00danica de Registro de Poblaci\u00f3n (CURP) \u2014a la que e-consulta tuvo acceso\u2014, adem\u00e1s no cuenta con estudios en neuropsiquiatr\u00eda, como lo afirma en su p\u00e1gina web.<\/p>\n\n\n\n<p>La supuesta psiquiatra Marilyn Cote no naci\u00f3 en Roma, Italia, como lo se\u00f1ala la semblanza de su libro \u2018El Psicodiagn\u00f3stico de Rorschach en la Perfilaci\u00f3n Criminol\u00f3gica: Indicadores m\u00e1s frecuentes\u2019, ya que su lugar de origen es Tlaxcala.<\/p>\n","protected":false},"excerpt":{"rendered":"<p>La Fiscal\u00eda General del Estado (FGE) de Puebla detuvo en el estado de Tlaxcala a Marilyn Cote, quien se hac\u00eda pasar como psiquiatra y su caso fue viralizado en semanas recientes en redes sociales. La fiscal\u00eda de Puebla tuvo colaboraci\u00f3n con su hom\u00f3loga de Tlaxcala para lograr la captura, fue as\u00ed que la orden judicial [&hellip;]<\/p>\n","protected":false},"author":4,"featured_media":55353,"comment_status":"open","ping_status":"open","sticky":false,"template":"","format":"standard","meta":{"om_disable_all_campaigns":false,"_monsterinsights_skip_tracking":false,"_monsterinsights_sitenote_active":false,"_monsterinsights_sitenote_note":"","_monsterinsights_sitenote_category":0,"footnotes":""},"categories":[175],"tags":[195,223,210],"class_list":["post-55352","post","type-post","status-publish","format-standard","has-post-thumbnail","hentry","category-local","tag-principal","tag-puebla","tag-tlaxcala"],"amp_enabled":true,"_links":{"self":[{"href":"https:\/\/lahora.mx\/index.php\/wp-json\/wp\/v2\/posts\/55352","targetHints":{"allow":["GET"]}}],"collection":[{"href":"https:\/\/lahora.mx\/index.php\/wp-json\/wp\/v2\/posts"}],"about":[{"href":"https:\/\/lahora.mx\/index.php\/wp-json\/wp\/v2\/types\/post"}],"author":[{"embeddable":true,"href":"https:\/\/lahora.mx\/index.php\/wp-json\/wp\/v2\/users\/4"}],"replies":[{"embeddable":true,"href":"https:\/\/lahora.mx\/index.php\/wp-json\/wp\/v2\/comments?post=55352"}],"version-history":[{"count":1,"href":"https:\/\/lahora.mx\/index.php\/wp-json\/wp\/v2\/posts\/55352\/revisions"}],"predecessor-version":[{"id":55354,"href":"https:\/\/lahora.mx\/index.php\/wp-json\/wp\/v2\/posts\/55352\/revisions\/55354"}],"wp:featuredmedia":[{"embeddable":true,"href":"https:\/\/lahora.mx\/index.php\/wp-json\/wp\/v2\/media\/55353"}],"wp:attachment":[{"href":"https:\/\/lahora.mx\/index.php\/wp-json\/wp\/v2\/media?parent=55352"}],"wp:term":[{"taxonomy":"category","embeddable":true,"href":"https:\/\/lahora.mx\/index.php\/wp-json\/wp\/v2\/categories?post=55352"},{"taxonomy":"post_tag","embeddable":true,"href":"https:\/\/lahora.mx\/index.php\/wp-json\/wp\/v2\/tags?post=55352"}],"curies":[{"name":"wp","href":"https:\/\/api.w.org\/{rel}","templated":true}]}}