{"id":55215,"date":"2024-11-15T15:14:54","date_gmt":"2024-11-15T15:14:54","guid":{"rendered":"http:\/\/lahora.mx\/?p=55215"},"modified":"2024-11-20T15:16:43","modified_gmt":"2024-11-20T15:16:43","slug":"inaugura-sergio-salomon-el-buen-fin-2024-llama-a-realizar-compras-responsables","status":"publish","type":"post","link":"https:\/\/lahora.mx\/index.php\/2024\/11\/15\/inaugura-sergio-salomon-el-buen-fin-2024-llama-a-realizar-compras-responsables\/","title":{"rendered":"Inaugura Sergio Salom\u00f3n \u201cEl Buen Fin 2024\u201d; llama a realizar compras responsables"},"content":{"rendered":"\n<p>Con un llamado de realizar compras responsables, a conciencia y vivir este periodo en familia, el gobernador Sergio Salom\u00f3n inaugur\u00f3 \u201cEl Buen Fin 2024\u201d (a realizarse del 15 al 18 de noviembre), iniciativa que forma parte de la continuidad de la activaci\u00f3n econ\u00f3mica impulsada en Puebla de manera conjunta con el sector empresarial.<\/p>\n\n\n\n<p>El titular del Ejecutivo se pronunci\u00f3 porque esta iniciativa genere importantes ingresos para los comerciantes de Puebla, pero sobre todo porque haya beneficios para los hogares poblanos, con compras que no les represente una afectaci\u00f3n a sus finanzas.<\/p>\n\n\n\n<p>En tanto, el presidente municipal de Puebla, Jos\u00e9 Chedraui Budib llam\u00f3 a las y los poblanos a apoyar a los comerciantes y a las y los peque\u00f1os empresarios, pues expuso que estos \u00faltimos representan la base de la econom\u00eda estatal y nacional. Afirm\u00f3 que el ayuntamiento trabaja con los gobiernos estatal y federal en la generaci\u00f3n de empleos y por ende en la derrama econ\u00f3mica.<\/p>\n\n\n\n<p>Por su parte, el presidente del Consejo Coordinador Empresarial de Puebla, H\u00e9ctor S\u00e1nchez Morales dio a conocer que se estima que \u201cEl Buen Fin\u201d dejar\u00e1 una derrama econ\u00f3mica en Puebla de m\u00e1s de 8 mil millones de pesos, luego de se\u00f1alar que esta iniciativa es una muestra de la colaboraci\u00f3n entre el sector p\u00fablico y privado.<\/p>\n\n\n\n<p>A su vez, el presidente de la Asociaci\u00f3n de Centros Comerciales de Puebla, Enrique Vald\u00e9s Guti\u00e9rrez indic\u00f3 que son 74 centros comerciales los que se suman a esta iniciativa federal, y agradeci\u00f3 el respaldo en materia de seguridad brindado por las autoridades de los tres \u00f3rdenes de gobierno.<\/p>\n","protected":false},"excerpt":{"rendered":"<p>Con un llamado de realizar compras responsables, a conciencia y vivir este periodo en familia, el gobernador Sergio Salom\u00f3n inaugur\u00f3 \u201cEl Buen Fin 2024\u201d (a realizarse del 15 al 18 de noviembre), iniciativa que forma parte de la continuidad de la activaci\u00f3n econ\u00f3mica impulsada en Puebla de manera conjunta con el sector empresarial. El titular [&hellip;]<\/p>\n","protected":false},"author":4,"featured_media":55218,"comment_status":"open","ping_status":"open","sticky":false,"template":"","format":"standard","meta":{"om_disable_all_campaigns":false,"_monsterinsights_skip_tracking":false,"_monsterinsights_sitenote_active":false,"_monsterinsights_sitenote_note":"","_monsterinsights_sitenote_category":0,"footnotes":""},"categories":[175],"tags":[239,223],"class_list":["post-55215","post","type-post","status-publish","format-standard","has-post-thumbnail","hentry","category-local","tag-gobierno","tag-puebla"],"amp_enabled":true,"_links":{"self":[{"href":"https:\/\/lahora.mx\/index.php\/wp-json\/wp\/v2\/posts\/55215","targetHints":{"allow":["GET"]}}],"collection":[{"href":"https:\/\/lahora.mx\/index.php\/wp-json\/wp\/v2\/posts"}],"about":[{"href":"https:\/\/lahora.mx\/index.php\/wp-json\/wp\/v2\/types\/post"}],"author":[{"embeddable":true,"href":"https:\/\/lahora.mx\/index.php\/wp-json\/wp\/v2\/users\/4"}],"replies":[{"embeddable":true,"href":"https:\/\/lahora.mx\/index.php\/wp-json\/wp\/v2\/comments?post=55215"}],"version-history":[{"count":1,"href":"https:\/\/lahora.mx\/index.php\/wp-json\/wp\/v2\/posts\/55215\/revisions"}],"predecessor-version":[{"id":55217,"href":"https:\/\/lahora.mx\/index.php\/wp-json\/wp\/v2\/posts\/55215\/revisions\/55217"}],"wp:featuredmedia":[{"embeddable":true,"href":"https:\/\/lahora.mx\/index.php\/wp-json\/wp\/v2\/media\/55218"}],"wp:attachment":[{"href":"https:\/\/lahora.mx\/index.php\/wp-json\/wp\/v2\/media?parent=55215"}],"wp:term":[{"taxonomy":"category","embeddable":true,"href":"https:\/\/lahora.mx\/index.php\/wp-json\/wp\/v2\/categories?post=55215"},{"taxonomy":"post_tag","embeddable":true,"href":"https:\/\/lahora.mx\/index.php\/wp-json\/wp\/v2\/tags?post=55215"}],"curies":[{"name":"wp","href":"https:\/\/api.w.org\/{rel}","templated":true}]}}