{"id":55187,"date":"2024-11-02T15:00:07","date_gmt":"2024-11-02T15:00:07","guid":{"rendered":"http:\/\/lahora.mx\/?p=55187"},"modified":"2024-11-20T15:01:37","modified_gmt":"2024-11-20T15:01:37","slug":"en-24-horas-incrementan-contagios-de-dengue-salud","status":"publish","type":"post","link":"https:\/\/lahora.mx\/index.php\/2024\/11\/02\/en-24-horas-incrementan-contagios-de-dengue-salud\/","title":{"rendered":"En 24 horas, incrementan contagios de dengue: Salud"},"content":{"rendered":"\n<p>Al corte del 01 de noviembre, en Puebla hubo 53 contagios por dengue, es decir, 35 m\u00e1s que el d\u00eda anterior, informa la Secretar\u00eda de Salud.<\/p>\n\n\n\n<p>La titular de la dependencia, Araceli Soria C\u00f3rdoba dio a conocer que los casos acumulados en el estado aumentaron a 4 mil 151, los cuales est\u00e1n distribuidos en 77 municipios.<\/p>\n\n\n\n<p>En ese sentido, destac\u00f3 que hay 13 personas hospitalizadas por este padecimiento, sin nuevos decesos.<\/p>\n\n\n\n<p>Ante este panorama epidemiol\u00f3gico, Soria C\u00f3rdoba hizo el llamado a la poblaci\u00f3n para mantener la limpieza de patios y azoteas, y no acumular agua para evitar la proliferaci\u00f3n del mosquito transmisor.<\/p>\n","protected":false},"excerpt":{"rendered":"<p>Al corte del 01 de noviembre, en Puebla hubo 53 contagios por dengue, es decir, 35 m\u00e1s que el d\u00eda anterior, informa la Secretar\u00eda de Salud. La titular de la dependencia, Araceli Soria C\u00f3rdoba dio a conocer que los casos acumulados en el estado aumentaron a 4 mil 151, los cuales est\u00e1n distribuidos en 77 [&hellip;]<\/p>\n","protected":false},"author":4,"featured_media":55188,"comment_status":"open","ping_status":"open","sticky":false,"template":"","format":"standard","meta":{"om_disable_all_campaigns":false,"_monsterinsights_skip_tracking":false,"_monsterinsights_sitenote_active":false,"_monsterinsights_sitenote_note":"","_monsterinsights_sitenote_category":0,"footnotes":""},"categories":[175],"tags":[239,223],"class_list":["post-55187","post","type-post","status-publish","format-standard","has-post-thumbnail","hentry","category-local","tag-gobierno","tag-puebla"],"amp_enabled":true,"_links":{"self":[{"href":"https:\/\/lahora.mx\/index.php\/wp-json\/wp\/v2\/posts\/55187","targetHints":{"allow":["GET"]}}],"collection":[{"href":"https:\/\/lahora.mx\/index.php\/wp-json\/wp\/v2\/posts"}],"about":[{"href":"https:\/\/lahora.mx\/index.php\/wp-json\/wp\/v2\/types\/post"}],"author":[{"embeddable":true,"href":"https:\/\/lahora.mx\/index.php\/wp-json\/wp\/v2\/users\/4"}],"replies":[{"embeddable":true,"href":"https:\/\/lahora.mx\/index.php\/wp-json\/wp\/v2\/comments?post=55187"}],"version-history":[{"count":1,"href":"https:\/\/lahora.mx\/index.php\/wp-json\/wp\/v2\/posts\/55187\/revisions"}],"predecessor-version":[{"id":55189,"href":"https:\/\/lahora.mx\/index.php\/wp-json\/wp\/v2\/posts\/55187\/revisions\/55189"}],"wp:featuredmedia":[{"embeddable":true,"href":"https:\/\/lahora.mx\/index.php\/wp-json\/wp\/v2\/media\/55188"}],"wp:attachment":[{"href":"https:\/\/lahora.mx\/index.php\/wp-json\/wp\/v2\/media?parent=55187"}],"wp:term":[{"taxonomy":"category","embeddable":true,"href":"https:\/\/lahora.mx\/index.php\/wp-json\/wp\/v2\/categories?post=55187"},{"taxonomy":"post_tag","embeddable":true,"href":"https:\/\/lahora.mx\/index.php\/wp-json\/wp\/v2\/tags?post=55187"}],"curies":[{"name":"wp","href":"https:\/\/api.w.org\/{rel}","templated":true}]}}