{"id":55058,"date":"2024-11-15T23:23:37","date_gmt":"2024-11-15T23:23:37","guid":{"rendered":"http:\/\/lahora.mx\/?p=55058"},"modified":"2024-11-15T23:23:37","modified_gmt":"2024-11-15T23:23:37","slug":"inaugura-el-gobernador-sergio-salomon-unidad-del-icatep-en-agua-santa","status":"publish","type":"post","link":"https:\/\/lahora.mx\/index.php\/2024\/11\/15\/inaugura-el-gobernador-sergio-salomon-unidad-del-icatep-en-agua-santa\/","title":{"rendered":"Inaugura el gobernador Sergio Salom\u00f3n unidad del Icatep en Agua Santa"},"content":{"rendered":"\n<p>El gobernador Sergio Salom\u00f3n C\u00e9spedes Peregrino inaugur\u00f3 este viernes las nuevas instalaciones del Instituto de Capacitaci\u00f3n para el Trabajo del Estado de Puebla (ICATEP), unidad Puebla, ubicadas en la unidad habitacional Agua Santa.<\/p>\n\n\n\n<p>El titular del Ejecutivo coment\u00f3 que el gobierno estatal busca brindar m\u00e1s espacios y herramientas a la poblaci\u00f3n para que tenga mayores oportunidades de salir adelante mediante el aprendizaje de alg\u00fan oficio o con el fortalecimiento de conocimientos y habilidades.<\/p>\n\n\n\n<p>Agreg\u00f3 que su administraci\u00f3n ha cumplido con el compromiso de garantizar el acceso a la educaci\u00f3n y al conocimiento, una muestra de ello, fueron las construcciones de Ciudad Universitaria 2 de la BUAP, as\u00ed como del Centro de Estudios Cient\u00edficos y Tecnol\u00f3gicos (Cecyte) 20, de la Unidad Profesional Interdisciplinaria y del Centro de Innovaci\u00f3n e Integraci\u00f3n de Tecnolog\u00edas Avanzadas (CIITA) del Instituto Polit\u00e9cnico Nacional (IPN).<\/p>\n\n\n\n<p>El titular de la secretar\u00eda de Trabajo, Carlos Alberto Toriz Morales, explic\u00f3 que fueron edificadas cinco aulas, cuatro espacios para talleres y un centro de automatizaci\u00f3n, mismos que favorecer\u00e1n a 50 mil habitantes de las colonias del sur de la capital poblana.<\/p>\n\n\n\n<p>Agreg\u00f3 que, a la fecha, el ICATEP cuenta con 17 unidades en toda la entidad. Mientras que el secretario de Infraestructura, Luis Roberto Tenorio Garc\u00eda, coment\u00f3 que la obra tuvo una inversi\u00f3n de 25 millones de pesos y cuenta con 2 mil 101 metros cuadrados de superficie.<\/p>\n\n\n\n<p>Inaugura Sergio Salom\u00f3n unidad del Icatep en Agua Santa<br>El presidente municipal de Puebla, Jos\u00e9 Chedraui Budib, reconoci\u00f3 al gobierno que encabeza Sergio Salom\u00f3n por dotar de la infraestructura necesaria para que las y los poblanos tengan m\u00e1s oportunidades de tener una mejor calidad de vida, como lo fue con esta unidad, donde se podr\u00e1n fortalecer conocimientos para desempe\u00f1ar alg\u00fan oficio.<\/p>\n\n\n\n<p>En el evento estuvieron presentes el director general del ICATEP, Jonathan Salazar Mendiguch\u00eda, y el legislador local, Roberto Zatar\u00e1in Leal.<\/p>\n","protected":false},"excerpt":{"rendered":"<p>El gobernador Sergio Salom\u00f3n C\u00e9spedes Peregrino inaugur\u00f3 este viernes las nuevas instalaciones del Instituto de Capacitaci\u00f3n para el Trabajo del Estado de Puebla (ICATEP), unidad Puebla, ubicadas en la unidad habitacional Agua Santa. El titular del Ejecutivo coment\u00f3 que el gobierno estatal busca brindar m\u00e1s espacios y herramientas a la poblaci\u00f3n para que tenga mayores [&hellip;]<\/p>\n","protected":false},"author":4,"featured_media":55059,"comment_status":"open","ping_status":"open","sticky":false,"template":"","format":"standard","meta":{"om_disable_all_campaigns":false,"_monsterinsights_skip_tracking":false,"_monsterinsights_sitenote_active":false,"_monsterinsights_sitenote_note":"","_monsterinsights_sitenote_category":0,"footnotes":""},"categories":[175],"tags":[239,223],"class_list":["post-55058","post","type-post","status-publish","format-standard","has-post-thumbnail","hentry","category-local","tag-gobierno","tag-puebla"],"amp_enabled":true,"_links":{"self":[{"href":"https:\/\/lahora.mx\/index.php\/wp-json\/wp\/v2\/posts\/55058","targetHints":{"allow":["GET"]}}],"collection":[{"href":"https:\/\/lahora.mx\/index.php\/wp-json\/wp\/v2\/posts"}],"about":[{"href":"https:\/\/lahora.mx\/index.php\/wp-json\/wp\/v2\/types\/post"}],"author":[{"embeddable":true,"href":"https:\/\/lahora.mx\/index.php\/wp-json\/wp\/v2\/users\/4"}],"replies":[{"embeddable":true,"href":"https:\/\/lahora.mx\/index.php\/wp-json\/wp\/v2\/comments?post=55058"}],"version-history":[{"count":1,"href":"https:\/\/lahora.mx\/index.php\/wp-json\/wp\/v2\/posts\/55058\/revisions"}],"predecessor-version":[{"id":55060,"href":"https:\/\/lahora.mx\/index.php\/wp-json\/wp\/v2\/posts\/55058\/revisions\/55060"}],"wp:featuredmedia":[{"embeddable":true,"href":"https:\/\/lahora.mx\/index.php\/wp-json\/wp\/v2\/media\/55059"}],"wp:attachment":[{"href":"https:\/\/lahora.mx\/index.php\/wp-json\/wp\/v2\/media?parent=55058"}],"wp:term":[{"taxonomy":"category","embeddable":true,"href":"https:\/\/lahora.mx\/index.php\/wp-json\/wp\/v2\/categories?post=55058"},{"taxonomy":"post_tag","embeddable":true,"href":"https:\/\/lahora.mx\/index.php\/wp-json\/wp\/v2\/tags?post=55058"}],"curies":[{"name":"wp","href":"https:\/\/api.w.org\/{rel}","templated":true}]}}