{"id":55052,"date":"2024-11-15T23:02:39","date_gmt":"2024-11-15T23:02:39","guid":{"rendered":"http:\/\/lahora.mx\/?p=55052"},"modified":"2024-11-15T23:02:39","modified_gmt":"2024-11-15T23:02:39","slug":"ante-visita-de-sheinbaum-reparan-socavon-en-la-cardel-poza-rica","status":"publish","type":"post","link":"https:\/\/lahora.mx\/index.php\/2024\/11\/15\/ante-visita-de-sheinbaum-reparan-socavon-en-la-cardel-poza-rica\/","title":{"rendered":"Ante visita de Sheinbaum, reparan socav\u00f3n en la Cardel-Poza Rica"},"content":{"rendered":"\n<p>La carretera federal 180 Cardel-Poza Rica fue reabierta a la circulaci\u00f3n a las 2:15 de la madrugada de este viernes 15 de noviembre, previo a la visita de la presidenta Claudia Sheinbaum Pardo al norte del estado de Veracruz.<\/p>\n\n\n\n<p>De acuerdo con la Secretar\u00eda de Infraestructura, Comunicaciones y Transportes (SICT) del gobierno federal, se colocaron cajones en la carretera para solucionar de manera permanente el problema de socavaci\u00f3n de la alcantarilla.<\/p>\n\n\n\n<p>El tramo reabierto por las autoridades se encuentra en la carretera federal Poza Rica-Veracruz, en el tramo Nautla-Cardel, a la altura del kil\u00f3metro 179+990, el cual estaba bloqueado desde el pasado lunes 11 de noviembre debido a la formaci\u00f3n de un socav\u00f3n.<\/p>\n\n\n\n<p>El hueco en la carretera se form\u00f3 entre las localidades de El Farall\u00f3n y Cerro de Metates, en el municipio de Actopan, donde decenas de automovilistas quedaron varados hasta cinco horas en espera de llegar a sus destinos.<\/p>\n\n\n\n<p>Ante visita de Sheinbaum, reparan socav\u00f3n en la Cardel-Poza Rica<br>Al d\u00eda siguiente, el gobernador Cuitl\u00e1huac Garc\u00eda explic\u00f3 en conferencia de prensa que el socav\u00f3n se debi\u00f3 a una falla de alcantarilla en el kil\u00f3metro 179+990, la cual fue solucionada provisionalmente con una rampa met\u00e1lica.<\/p>\n\n\n\n<p>Aunque el delegado de la SICT en Veracruz, Luis Antonio Posada Flores, asegur\u00f3 que la carretera ser\u00eda reabierta al mediod\u00eda del martes 12 de noviembre, el paso vehicular inici\u00f3 hasta las 19:15 horas tras la instalaci\u00f3n de la rampa.<\/p>\n\n\n\n<p>Diariamente, la carretera federal Cardel-Poza Rica es paso de miles de transportistas que trasladan alimentos, combustible, materiales para la construcci\u00f3n y diversos productos hacia el norte del estado de Veracruz y los l\u00edmites con Tamaulipas.<\/p>\n\n\n\n<p>La presidenta Claudia Sheinbaum Pardo podr\u00eda circular este viernes 15 de noviembre por la carretera federal 180 para realizar una visita al Hospital Regional de Nautla, que llevar\u00e1 el nombre del exsecretario de Salud de Veracruz, Gerardo D\u00edaz Morales.<\/p>\n","protected":false},"excerpt":{"rendered":"<p>La carretera federal 180 Cardel-Poza Rica fue reabierta a la circulaci\u00f3n a las 2:15 de la madrugada de este viernes 15 de noviembre, previo a la visita de la presidenta Claudia Sheinbaum Pardo al norte del estado de Veracruz. De acuerdo con la Secretar\u00eda de Infraestructura, Comunicaciones y Transportes (SICT) del gobierno federal, se colocaron [&hellip;]<\/p>\n","protected":false},"author":4,"featured_media":55053,"comment_status":"open","ping_status":"open","sticky":false,"template":"","format":"standard","meta":{"om_disable_all_campaigns":false,"_monsterinsights_skip_tracking":false,"_monsterinsights_sitenote_active":false,"_monsterinsights_sitenote_note":"","_monsterinsights_sitenote_category":0,"footnotes":""},"categories":[176],"tags":[],"class_list":["post-55052","post","type-post","status-publish","format-standard","has-post-thumbnail","hentry","category-nacional"],"amp_enabled":true,"_links":{"self":[{"href":"https:\/\/lahora.mx\/index.php\/wp-json\/wp\/v2\/posts\/55052","targetHints":{"allow":["GET"]}}],"collection":[{"href":"https:\/\/lahora.mx\/index.php\/wp-json\/wp\/v2\/posts"}],"about":[{"href":"https:\/\/lahora.mx\/index.php\/wp-json\/wp\/v2\/types\/post"}],"author":[{"embeddable":true,"href":"https:\/\/lahora.mx\/index.php\/wp-json\/wp\/v2\/users\/4"}],"replies":[{"embeddable":true,"href":"https:\/\/lahora.mx\/index.php\/wp-json\/wp\/v2\/comments?post=55052"}],"version-history":[{"count":1,"href":"https:\/\/lahora.mx\/index.php\/wp-json\/wp\/v2\/posts\/55052\/revisions"}],"predecessor-version":[{"id":55054,"href":"https:\/\/lahora.mx\/index.php\/wp-json\/wp\/v2\/posts\/55052\/revisions\/55054"}],"wp:featuredmedia":[{"embeddable":true,"href":"https:\/\/lahora.mx\/index.php\/wp-json\/wp\/v2\/media\/55053"}],"wp:attachment":[{"href":"https:\/\/lahora.mx\/index.php\/wp-json\/wp\/v2\/media?parent=55052"}],"wp:term":[{"taxonomy":"category","embeddable":true,"href":"https:\/\/lahora.mx\/index.php\/wp-json\/wp\/v2\/categories?post=55052"},{"taxonomy":"post_tag","embeddable":true,"href":"https:\/\/lahora.mx\/index.php\/wp-json\/wp\/v2\/tags?post=55052"}],"curies":[{"name":"wp","href":"https:\/\/api.w.org\/{rel}","templated":true}]}}