{"id":5504,"date":"2022-04-15T00:26:50","date_gmt":"2022-04-15T00:26:50","guid":{"rendered":"http:\/\/lahora.mx\/?p=5504"},"modified":"2022-04-15T00:26:52","modified_gmt":"2022-04-15T00:26:52","slug":"guerra-en-ucrania-e-inflacion-frenaran-el-crecimiento-mundial-alerta-jefa-del-fmi","status":"publish","type":"post","link":"https:\/\/lahora.mx\/index.php\/2022\/04\/15\/guerra-en-ucrania-e-inflacion-frenaran-el-crecimiento-mundial-alerta-jefa-del-fmi\/","title":{"rendered":"Guerra en Ucrania e inflaci\u00f3n frenar\u00e1n el crecimiento mundial, alerta jefa del FMI"},"content":{"rendered":"\n<p>El\u00a0<strong>Fondo Monetario Internacional\u00a0<\/strong>(FMI) no prev\u00e9 una\u00a0<strong>recesi\u00f3n mundial\u00a0<\/strong>pero rebaja sus previsiones de crecimiento para 2022 y 2023 debido a la\u00a0<strong>guerra en Ucrania<\/strong>\u00a0y su\u00a0efecto en la inflaci\u00f3n, anunci\u00f3 este jueves la directora general de la instituci\u00f3n, preocupada por una \u00abfragmentaci\u00f3n\u00bb del mundo.<\/p>\n\n\n\n<p>En enero, incluso antes de que&nbsp;<strong>Rusia<\/strong>&nbsp;invadiera&nbsp;<strong>Ucrania<\/strong>, el&nbsp;<strong>FMI&nbsp;<\/strong>ya hab\u00eda rebajado su previsi\u00f3n de crecimiento global para este a\u00f1o al 4.4%, debido a la&nbsp;<strong>variante \u00d3micron del Covid-19<\/strong>, pero revis\u00f3 al alza sus proyecciones para el pr\u00f3ximo a\u00f1o.<\/p>\n\n\n\n<p>La contienda b\u00e9lica en&nbsp;<strong>Ucrania<\/strong>&nbsp;ech\u00f3 abajo estos pron\u00f3sticos.<\/p>\n\n\n\n<p>Desatada el 24 de febrero con la&nbsp;<strong>invasi\u00f3n rusa a Ucrania<\/strong>, la guerra ha agravado la inflaci\u00f3n, que representa \u00abactualmente un peligro real\u00bb para la&nbsp;<strong>recuperaci\u00f3n econ\u00f3mica mundial<\/strong>, recalc\u00f3&nbsp;<strong>Kristalina Georgieva<\/strong>.<\/p>\n\n\n\n<p>\u00abEn pocas palabras: nos enfrentamos a una crisis encima de otra crisis\u00bb, lament\u00f3 en un discurso previo a las reuniones de primavera boreal del FMI y el&nbsp;<strong>Banco Mundial<\/strong>.<\/p>\n\n\n\n<p>\u00abEs una obviedad, pero la causa profunda de lo que enfrentamos actualmente es la guerra\u00bb, insisti\u00f3.<\/p>\n\n\n\n<p>Georgieva no ha revelado las proyecciones de crecimiento para cada pa\u00eds, que se publicar\u00e1n el pr\u00f3ximo martes.<\/p>\n\n\n\n<p>Pero indic\u00f3 que \u00abla econom\u00eda de la mayor\u00eda de los pa\u00edses permanecer\u00e1 en terreno positivo\u00bb. Es decir los economistas del FMI no anticipan una recesi\u00f3n en este momento.<\/p>\n\n\n\n<p>Sin embargo, \u00abel impacto de la&nbsp;<strong>guerra en Ucrania&nbsp;<\/strong>contribuir\u00e1 a degradar este a\u00f1o las previsiones de crecimiento de 143 pa\u00edses que representan el 86% del PIB mundial\u00bb, indic\u00f3 Georgieva.<\/p>\n\n\n\n<p>La situaci\u00f3n var\u00eda mucho de un pa\u00eds a otro. Las proyecciones econ\u00f3micas para Ucrania son \u00abcatastr\u00f3ficas\u00bb y la previsi\u00f3n de\u00a0contracci\u00f3n del PIB DE Rusia es \u00absevera\u00bb, advierte\u00bb advierte.<\/p>\n\n\n\n<p>Destac\u00f3 asimismo que el grado de incertidumbre del \u00faltimo pron\u00f3stico del FMI va mucho m\u00e1s all\u00e1 de lo \u00abhabitual\u00bb, porque la guerra en Ucrania y las sanciones contra Mosc\u00fa podr\u00edan agravarse y es probable que surjan nuevas&nbsp;<strong>variantes del Covid-19<\/strong>.<\/p>\n\n\n\n<p>El principal riesgo es que la inflaci\u00f3n se mantenga alta durante mucho tiempo y, por lo tanto, sea mucho m\u00e1s dif\u00edcil de controlar.<\/p>\n\n\n\n<p>Despu\u00e9s de una d\u00e9cada de inflaci\u00f3n casi silenciosa, los precios en todo el mundo comenzaron a dispararse el a\u00f1o pasado cuando aument\u00f3 mucho el consumo de la poblaci\u00f3n mundial despu\u00e9s de la&nbsp;<strong>par\u00e1lisis econ\u00f3mica<\/strong>&nbsp;provocada por la&nbsp;<strong>pandemia de Covid-19<\/strong>&nbsp;en 2020.<\/p>\n\n\n\n<p>En las \u00faltimas semanas, la&nbsp;<strong>invasi\u00f3n rusa de Ucrania<\/strong>&nbsp;y las sanciones impuestas a Mosc\u00fa han disparado los&nbsp;<strong>precios de los combustibles<\/strong>&nbsp;y de los alimentos.<\/p>\n\n\n\n<p>Ucrania y Rusia son grandes productores de cereales, y esta \u00faltima tambi\u00e9n es una fuente de energ\u00eda clave para Europa. Por lo tanto, las repercusiones econ\u00f3micas se sienten m\u00e1s all\u00e1 de la regi\u00f3n de Europa central y del este.<\/p>\n\n\n\n<h2 class=\"wp-block-heading\">\u00abFragmentaci\u00f3n\u00bb<\/h2>\n\n\n\n<p>La inflaci\u00f3n, que ha batido un r\u00e9cord en cuatro d\u00e9cadas en&nbsp;<strong>Estados Unidos<\/strong>, es \u00abactualmente un peligro real\u00bb para muchos pa\u00edses y golpea duramente a los m\u00e1s pobres, lament\u00f3 Georgieva en un discurso en el&nbsp;<strong>Carnegie Endowment for International Peace<\/strong>, un centro de reflexi\u00f3n en Washington. Cree que esta tendencia se mantendr\u00e1 probablemente m\u00e1s tiempo del previsto.<\/p>\n\n\n\n<p>\u00abEs un gran lastre para la recuperaci\u00f3n global\u00bb, agreg\u00f3.<\/p>\n\n\n\n<p>Tambi\u00e9n complica considerablemente la toma de decisiones porque si, en pro de frenar el auge de precios, se suben las tasas de inter\u00e9s los principales bancos centrales aumentar\u00e1n los costos de endeudamiento de los pa\u00edses emergentes y en desarrollo, que ya est\u00e1n muy endeudados.<\/p>\n\n\n\n<p>\u00abEste es el entorno pol\u00edtico m\u00e1s complejo de nuestra \u00e9poca\u00bb, opin\u00f3 Georgieva, quien llam\u00f3 a las instituciones monetarias a \u00abactuar con determinaci\u00f3n\u00bb.<\/p>\n\n\n\n<p>Poner fin a la guerra y la pandemia son las principales prioridades para garantizar la prosperidad, a\u00f1adi\u00f3.<\/p>\n\n\n\n<p>La directora del FMI advirti\u00f3 adem\u00e1s sobre la \u00abcreciente fragmentaci\u00f3n de la&nbsp;<strong>econom\u00eda mundial&nbsp;<\/strong>en bloques geopol\u00edticos\u00bb que perjudica la capacidad de afrontar las crisis actuales y futuras.<\/p>\n\n\n\n<p>Esto conducir\u00e1 a un \u00abcambio\u00bb que remodelar\u00eda, por ejemplo, las cadenas de suministro globales.<\/p>\n\n\n\n<p>La&nbsp;<strong>guerra en Ucrania<\/strong>&nbsp;ha planteado \u00abcuestiones leg\u00edtimas\u00bb sobre c\u00f3mo los pa\u00edses pueden seguir trabajando juntos, coment\u00f3.<\/p>\n\n\n\n<p>Pero \u00abla respuesta no puede ser el aislamiento y la fragmentaci\u00f3n\u00bb, concluy\u00f3.<\/p>\n","protected":false},"excerpt":{"rendered":"<p>El\u00a0Fondo Monetario Internacional\u00a0(FMI) no prev\u00e9 una\u00a0recesi\u00f3n mundial\u00a0pero rebaja sus previsiones de crecimiento para 2022 y 2023 debido a la\u00a0guerra en Ucrania\u00a0y su\u00a0efecto en la inflaci\u00f3n, anunci\u00f3 este jueves la directora general de la instituci\u00f3n, preocupada por una \u00abfragmentaci\u00f3n\u00bb del mundo. En enero, incluso antes de que&nbsp;Rusia&nbsp;invadiera&nbsp;Ucrania, el&nbsp;FMI&nbsp;ya hab\u00eda rebajado su previsi\u00f3n de crecimiento global para [&hellip;]<\/p>\n","protected":false},"author":4,"featured_media":5505,"comment_status":"open","ping_status":"open","sticky":false,"template":"","format":"standard","meta":{"om_disable_all_campaigns":false,"_monsterinsights_skip_tracking":false,"_monsterinsights_sitenote_active":false,"_monsterinsights_sitenote_note":"","_monsterinsights_sitenote_category":0,"footnotes":""},"categories":[183],"tags":[],"class_list":["post-5504","post","type-post","status-publish","format-standard","has-post-thumbnail","hentry","category-internacional"],"amp_enabled":true,"_links":{"self":[{"href":"https:\/\/lahora.mx\/index.php\/wp-json\/wp\/v2\/posts\/5504","targetHints":{"allow":["GET"]}}],"collection":[{"href":"https:\/\/lahora.mx\/index.php\/wp-json\/wp\/v2\/posts"}],"about":[{"href":"https:\/\/lahora.mx\/index.php\/wp-json\/wp\/v2\/types\/post"}],"author":[{"embeddable":true,"href":"https:\/\/lahora.mx\/index.php\/wp-json\/wp\/v2\/users\/4"}],"replies":[{"embeddable":true,"href":"https:\/\/lahora.mx\/index.php\/wp-json\/wp\/v2\/comments?post=5504"}],"version-history":[{"count":1,"href":"https:\/\/lahora.mx\/index.php\/wp-json\/wp\/v2\/posts\/5504\/revisions"}],"predecessor-version":[{"id":5506,"href":"https:\/\/lahora.mx\/index.php\/wp-json\/wp\/v2\/posts\/5504\/revisions\/5506"}],"wp:featuredmedia":[{"embeddable":true,"href":"https:\/\/lahora.mx\/index.php\/wp-json\/wp\/v2\/media\/5505"}],"wp:attachment":[{"href":"https:\/\/lahora.mx\/index.php\/wp-json\/wp\/v2\/media?parent=5504"}],"wp:term":[{"taxonomy":"category","embeddable":true,"href":"https:\/\/lahora.mx\/index.php\/wp-json\/wp\/v2\/categories?post=5504"},{"taxonomy":"post_tag","embeddable":true,"href":"https:\/\/lahora.mx\/index.php\/wp-json\/wp\/v2\/tags?post=5504"}],"curies":[{"name":"wp","href":"https:\/\/api.w.org\/{rel}","templated":true}]}}