{"id":55036,"date":"2024-11-15T19:14:04","date_gmt":"2024-11-15T19:14:04","guid":{"rendered":"http:\/\/lahora.mx\/?p=55036"},"modified":"2024-11-15T19:14:04","modified_gmt":"2024-11-15T19:14:04","slug":"hacienda-entrega-paquete-economico-en-la-camara-de-diputados","status":"publish","type":"post","link":"https:\/\/lahora.mx\/index.php\/2024\/11\/15\/hacienda-entrega-paquete-economico-en-la-camara-de-diputados\/","title":{"rendered":"Hacienda entrega Paquete Econ\u00f3mico en la C\u00e1mara de Diputados"},"content":{"rendered":"\n<p>El Secretario de Hacienda y Cr\u00e9dito P\u00fablico, Rogelio Ram\u00edrez de la O, entreg\u00f3 el Paquete Econ\u00f3mico 2025 al presidente de la Mesa Directiva, Sergio Guti\u00e9rrez.<\/p>\n\n\n\n<p>En la presentaci\u00f3n, el funcionario dijo que para 2025 proyectan un crecimiento econ\u00f3mico en un rango de entre 2 y 3%.<\/p>\n\n\n\n<p>\u201cEsta proyecci\u00f3n se sustenta en la fortaleza del empleo y el dinamismo del mercado interno, con el consumo y la inversi\u00f3n como motores claves, en l\u00ednea con estas expectativas de crecimiento\u201d, dijo.<br>Play Video<\/p>\n\n\n\n<p>La iniciativa de Ley de Ingresos de la Federaci\u00f3n prev\u00e9 ingresos por 8 billones de pesos, con la recaudaci\u00f3n tributaria como principal fuente de recursos.<\/p>\n\n\n\n<p>\u201cLa proyecci\u00f3n de 5.3 billones de pesos en ingresos tributarios representa un incremento de 2.6% real, respecto de 2024, y por primera vez en nuestra historia moderna los ingresos tributarios alcanzar\u00e1n 14.6% del producto interno bruto\u201d, expuso.<\/p>\n\n\n\n<p>Dijo que la prioridad ser\u00e1n los programas sociales e inversi\u00f3n en infraestructura.<\/p>\n\n\n\n<p>\u201cEl Proyecto de presupuesto reafirma el compromiso del gobierno con los sectores de menores ingresos en 2025, continuaremos priorizando los programas sociales que tienen un impacto directo en el bienestar y la calidad de vida de millones de mexicanos\u201d, expres\u00f3.<\/p>\n\n\n\n<p>El d\u00e9ficit proyectado para 2025 es de 3.9% de producto interno bruto de forma ampliada, dijo.<\/p>\n","protected":false},"excerpt":{"rendered":"<p>El Secretario de Hacienda y Cr\u00e9dito P\u00fablico, Rogelio Ram\u00edrez de la O, entreg\u00f3 el Paquete Econ\u00f3mico 2025 al presidente de la Mesa Directiva, Sergio Guti\u00e9rrez. En la presentaci\u00f3n, el funcionario dijo que para 2025 proyectan un crecimiento econ\u00f3mico en un rango de entre 2 y 3%. \u201cEsta proyecci\u00f3n se sustenta en la fortaleza del empleo [&hellip;]<\/p>\n","protected":false},"author":4,"featured_media":55037,"comment_status":"open","ping_status":"open","sticky":false,"template":"","format":"standard","meta":{"om_disable_all_campaigns":false,"_monsterinsights_skip_tracking":false,"_monsterinsights_sitenote_active":false,"_monsterinsights_sitenote_note":"","_monsterinsights_sitenote_category":0,"footnotes":""},"categories":[176],"tags":[],"class_list":["post-55036","post","type-post","status-publish","format-standard","has-post-thumbnail","hentry","category-nacional"],"amp_enabled":true,"_links":{"self":[{"href":"https:\/\/lahora.mx\/index.php\/wp-json\/wp\/v2\/posts\/55036","targetHints":{"allow":["GET"]}}],"collection":[{"href":"https:\/\/lahora.mx\/index.php\/wp-json\/wp\/v2\/posts"}],"about":[{"href":"https:\/\/lahora.mx\/index.php\/wp-json\/wp\/v2\/types\/post"}],"author":[{"embeddable":true,"href":"https:\/\/lahora.mx\/index.php\/wp-json\/wp\/v2\/users\/4"}],"replies":[{"embeddable":true,"href":"https:\/\/lahora.mx\/index.php\/wp-json\/wp\/v2\/comments?post=55036"}],"version-history":[{"count":1,"href":"https:\/\/lahora.mx\/index.php\/wp-json\/wp\/v2\/posts\/55036\/revisions"}],"predecessor-version":[{"id":55038,"href":"https:\/\/lahora.mx\/index.php\/wp-json\/wp\/v2\/posts\/55036\/revisions\/55038"}],"wp:featuredmedia":[{"embeddable":true,"href":"https:\/\/lahora.mx\/index.php\/wp-json\/wp\/v2\/media\/55037"}],"wp:attachment":[{"href":"https:\/\/lahora.mx\/index.php\/wp-json\/wp\/v2\/media?parent=55036"}],"wp:term":[{"taxonomy":"category","embeddable":true,"href":"https:\/\/lahora.mx\/index.php\/wp-json\/wp\/v2\/categories?post=55036"},{"taxonomy":"post_tag","embeddable":true,"href":"https:\/\/lahora.mx\/index.php\/wp-json\/wp\/v2\/tags?post=55036"}],"curies":[{"name":"wp","href":"https:\/\/api.w.org\/{rel}","templated":true}]}}