{"id":55033,"date":"2024-11-15T17:55:46","date_gmt":"2024-11-15T17:55:46","guid":{"rendered":"http:\/\/lahora.mx\/?p=55033"},"modified":"2024-11-15T18:43:48","modified_gmt":"2024-11-15T18:43:48","slug":"la-presidenta-claudia-sheinbaum-reacciona-a-uso-de-helicoptero-privado-por-monreal-debemos-ser-un-ejemplo-a-la-sociedad-dice","status":"publish","type":"post","link":"https:\/\/lahora.mx\/index.php\/2024\/11\/15\/la-presidenta-claudia-sheinbaum-reacciona-a-uso-de-helicoptero-privado-por-monreal-debemos-ser-un-ejemplo-a-la-sociedad-dice\/","title":{"rendered":"La presidenta Claudia Sheinbaum reacciona a uso de helic\u00f3ptero privado por Monreal; \u201cDebemos ser un ejemplo a la sociedad\u201d, dice"},"content":{"rendered":"\n<p>\u201cNosotros debemos ser un ejemplo a la sociedad y que no debe haber gobierno rico con pueblo pobre\u201d, dijo la presidenta Claudia Sheinbaum al ser cuestionada sobre el uso de un helic\u00f3ptero privado por parte del coordinador de Morena en la C\u00e1mara de Diputados, Ricardo Monreal.<\/p>\n\n\n\n<p>En conferencia de prensa de este viernes, Sheinbaum coment\u00f3 que Monreal aclar\u00f3 que no se utiliz\u00f3 dinero p\u00fablico para el uso de helic\u00f3ptero, pero dijo que desconoce de quien pueda ser la aeronave.<\/p>\n\n\n\n<p>\u201cCreo que esa es la manera en que nos comportamos y creo que todos debemos de dar un ejemplo. A veces tambi\u00e9n, y se aclar\u00f3 ayer, que es importante porque no es el uso de recursos p\u00fablicos, sino el helic\u00f3ptero particular, que realmente no s\u00e9 de qui\u00e9n es, que se utiliz\u00f3 en particular por tenerse que mover r\u00e1pido de un lugar a otro\u201d, dijo.<\/p>\n\n\n\n<p>La Mandataria federal se\u00f1al\u00f3 que pertenecen a la autollamada Cuarta Transformaci\u00f3n, pero que se tiene que dar un ejemplo.<\/p>\n\n\n\n<p>\u201c(\u2026) pero en particular el uso del helic\u00f3ptero de Ricardo, ese d\u00eda lo tendr\u00eda que explicar. Creo que ayer se movi\u00f3 en motocicleta, lo vi en sus redes sociales\u201d, dijo.<\/p>\n","protected":false},"excerpt":{"rendered":"<p>\u201cNosotros debemos ser un ejemplo a la sociedad y que no debe haber gobierno rico con pueblo pobre\u201d, dijo la presidenta Claudia Sheinbaum al ser cuestionada sobre el uso de un helic\u00f3ptero privado por parte del coordinador de Morena en la C\u00e1mara de Diputados, Ricardo Monreal. En conferencia de prensa de este viernes, Sheinbaum coment\u00f3 [&hellip;]<\/p>\n","protected":false},"author":4,"featured_media":55034,"comment_status":"open","ping_status":"open","sticky":false,"template":"","format":"standard","meta":{"om_disable_all_campaigns":false,"_monsterinsights_skip_tracking":false,"_monsterinsights_sitenote_active":false,"_monsterinsights_sitenote_note":"","_monsterinsights_sitenote_category":0,"footnotes":""},"categories":[176],"tags":[],"class_list":["post-55033","post","type-post","status-publish","format-standard","has-post-thumbnail","hentry","category-nacional"],"amp_enabled":true,"_links":{"self":[{"href":"https:\/\/lahora.mx\/index.php\/wp-json\/wp\/v2\/posts\/55033","targetHints":{"allow":["GET"]}}],"collection":[{"href":"https:\/\/lahora.mx\/index.php\/wp-json\/wp\/v2\/posts"}],"about":[{"href":"https:\/\/lahora.mx\/index.php\/wp-json\/wp\/v2\/types\/post"}],"author":[{"embeddable":true,"href":"https:\/\/lahora.mx\/index.php\/wp-json\/wp\/v2\/users\/4"}],"replies":[{"embeddable":true,"href":"https:\/\/lahora.mx\/index.php\/wp-json\/wp\/v2\/comments?post=55033"}],"version-history":[{"count":1,"href":"https:\/\/lahora.mx\/index.php\/wp-json\/wp\/v2\/posts\/55033\/revisions"}],"predecessor-version":[{"id":55035,"href":"https:\/\/lahora.mx\/index.php\/wp-json\/wp\/v2\/posts\/55033\/revisions\/55035"}],"wp:featuredmedia":[{"embeddable":true,"href":"https:\/\/lahora.mx\/index.php\/wp-json\/wp\/v2\/media\/55034"}],"wp:attachment":[{"href":"https:\/\/lahora.mx\/index.php\/wp-json\/wp\/v2\/media?parent=55033"}],"wp:term":[{"taxonomy":"category","embeddable":true,"href":"https:\/\/lahora.mx\/index.php\/wp-json\/wp\/v2\/categories?post=55033"},{"taxonomy":"post_tag","embeddable":true,"href":"https:\/\/lahora.mx\/index.php\/wp-json\/wp\/v2\/tags?post=55033"}],"curies":[{"name":"wp","href":"https:\/\/api.w.org\/{rel}","templated":true}]}}