{"id":55030,"date":"2024-11-15T17:52:45","date_gmt":"2024-11-15T17:52:45","guid":{"rendered":"http:\/\/lahora.mx\/?p=55030"},"modified":"2024-11-15T17:52:46","modified_gmt":"2024-11-15T17:52:46","slug":"detienen-a-el-pelon-operador-de-los-chapitos-en-sonora","status":"publish","type":"post","link":"https:\/\/lahora.mx\/index.php\/2024\/11\/15\/detienen-a-el-pelon-operador-de-los-chapitos-en-sonora\/","title":{"rendered":"Detienen a \u201cEl Pel\u00f3n\u00bb operador de \u201cLos Chapitos\u201d en Sonora"},"content":{"rendered":"\n<p>Omar Garc\u00eda Harfuch, secretario de Seguridad y Protecci\u00f3n Ciudadana de M\u00e9xico inform\u00f3 de la detenci\u00f3n de Omar F\u00e9lix \u201cN\u201d, vinculado a diferentes hechos violentos.<\/p>\n\n\n\n<p>Omar F\u00e9lix \u201cN\u201d es conocido como \u201cEl Pel\u00f3n\u201c o \u201cEl ocho\u201d; lo identifican como l\u00edder delictivo de \u201cLa Chapiza\u201d y era el coordinador de la ofensiva de \u201cLos Chapitos\u201d contra \u201cLa Mayiza\u201d.<\/p>\n\n\n\n<p>El secretario detall\u00f3 que Omar \u201cN\u201d cuenta con orden de aprehensi\u00f3n por estar relacionado con diversos homicidios, tr\u00e1fico de armas, personas y de fentanilo hacia Arizona, Estados Unidos.<br><\/p>\n\n\n\n<p>La detenci\u00f3n se da como respuesta a los hechos violentos acontecidos en Sinaloa.<\/p>\n\n\n\n<p>La aprehensi\u00f3n se dio en coordinaci\u00f3n de la Secretaria Nacional de Defensa, la Secretaria de Marina, la Fiscal\u00eda General de la Rep\u00fablica y la la Secretar\u00eda de Seguridad y Protecci\u00f3n Ciudadana.<\/p>\n\n\n\n<p>El presunto delincuente fue detenido durante un cateo autorizado por un juez de control en un domicilio de la colonia Las Quintas, de la capital sinaloense, por su presunta responsabilidad en los delitos de delincuencia organizada con la finalidad de cometer delitos contra la salud en su modalidad de tr\u00e1fico de narc\u00f3tico, tr\u00e1fico de armas de fuego y tr\u00e1fico de personas.<\/p>\n\n\n\n<p>\u201cEl Pel\u00f3n\u00bb, generador de violencia en Sonora, Sinaloa y Baja California<br>De acuerdo con el gabinete de seguridad, \u201cEl Pel\u00f3n\u201d o \u201cEl 8\u201d est\u00e1 identificado como generador de violencia en los estados de Sonora, Sinaloa y Baja California, donde coordinaba el tr\u00e1fico transfronterizo de drogas, migrantes y armas, adem\u00e1s de la producci\u00f3n y comercializaci\u00f3n de fentanilo, con destino hacia Arizona, Estados Unidos, entre otros delitos como secuestro y extorsi\u00f3n.<\/p>\n\n\n\n<p>Asimismo, resultado de trabajos de inteligencia naval se tuvo conocimiento que esta persona presuntamente coordinaba los enfrentamientos de \u201cLos Chapitos\u201d contra \u201cLos Mayos\u201d en Sinaloa, que han dejado decenas de muertos en las \u00faltimas semanas.<\/p>\n\n\n\n<p>Seg\u00fan informes de inteligencia naval, Omar F\u00e9lix ha mantenido una alianza desde julio de 2022 con Eric Jes\u00fas Cabrera Cabrera \u201cEl Duranguillo\u201d o \u201cDelta 1\u201d, l\u00edder del grupo \u201cLos Deltas\u201d, juntos enfrentan a la facci\u00f3n rival Los Cazadores-Los Salazar por el control de rutas de tr\u00e1fico en la regi\u00f3n de Altar-S\u00e1sabe, Sonora.<\/p>\n\n\n\n<p>Entre el 6 de agosto y el 19 de septiembre, permaneci\u00f3 en Sonora hasta que, tras sufrir un intento de homicidio en General Plutarco El\u00edas Calles, regres\u00f3 a Sinaloa, posiblemente debido al inicio del conflicto entre \u201cLos Chapitos\u201d y \u201cLos Mayos\u201d.<\/p>\n\n\n\n<p>Autoridades del gabinete de seguridad tienen conocimiento de que Omar F\u00e9lix, que en sus acciones delictivas ha empleado tecnolog\u00eda avanzada, como el uso de drones cargados con explosivos, y se detect\u00f3 que planeaba realizar mayores acciones con explosivos en d\u00edas posteriores, por lo que se dio m\u00e1xima prioridad a su captura.<\/p>\n","protected":false},"excerpt":{"rendered":"<p>Omar Garc\u00eda Harfuch, secretario de Seguridad y Protecci\u00f3n Ciudadana de M\u00e9xico inform\u00f3 de la detenci\u00f3n de Omar F\u00e9lix \u201cN\u201d, vinculado a diferentes hechos violentos. Omar F\u00e9lix \u201cN\u201d es conocido como \u201cEl Pel\u00f3n\u201c o \u201cEl ocho\u201d; lo identifican como l\u00edder delictivo de \u201cLa Chapiza\u201d y era el coordinador de la ofensiva de \u201cLos Chapitos\u201d contra \u201cLa [&hellip;]<\/p>\n","protected":false},"author":4,"featured_media":55031,"comment_status":"open","ping_status":"open","sticky":false,"template":"","format":"standard","meta":{"om_disable_all_campaigns":false,"_monsterinsights_skip_tracking":false,"_monsterinsights_sitenote_active":false,"_monsterinsights_sitenote_note":"","_monsterinsights_sitenote_category":0,"footnotes":""},"categories":[176,226],"tags":[],"class_list":["post-55030","post","type-post","status-publish","format-standard","has-post-thumbnail","hentry","category-nacional","category-policia"],"amp_enabled":true,"_links":{"self":[{"href":"https:\/\/lahora.mx\/index.php\/wp-json\/wp\/v2\/posts\/55030","targetHints":{"allow":["GET"]}}],"collection":[{"href":"https:\/\/lahora.mx\/index.php\/wp-json\/wp\/v2\/posts"}],"about":[{"href":"https:\/\/lahora.mx\/index.php\/wp-json\/wp\/v2\/types\/post"}],"author":[{"embeddable":true,"href":"https:\/\/lahora.mx\/index.php\/wp-json\/wp\/v2\/users\/4"}],"replies":[{"embeddable":true,"href":"https:\/\/lahora.mx\/index.php\/wp-json\/wp\/v2\/comments?post=55030"}],"version-history":[{"count":1,"href":"https:\/\/lahora.mx\/index.php\/wp-json\/wp\/v2\/posts\/55030\/revisions"}],"predecessor-version":[{"id":55032,"href":"https:\/\/lahora.mx\/index.php\/wp-json\/wp\/v2\/posts\/55030\/revisions\/55032"}],"wp:featuredmedia":[{"embeddable":true,"href":"https:\/\/lahora.mx\/index.php\/wp-json\/wp\/v2\/media\/55031"}],"wp:attachment":[{"href":"https:\/\/lahora.mx\/index.php\/wp-json\/wp\/v2\/media?parent=55030"}],"wp:term":[{"taxonomy":"category","embeddable":true,"href":"https:\/\/lahora.mx\/index.php\/wp-json\/wp\/v2\/categories?post=55030"},{"taxonomy":"post_tag","embeddable":true,"href":"https:\/\/lahora.mx\/index.php\/wp-json\/wp\/v2\/tags?post=55030"}],"curies":[{"name":"wp","href":"https:\/\/api.w.org\/{rel}","templated":true}]}}