{"id":55027,"date":"2024-11-15T17:48:40","date_gmt":"2024-11-15T17:48:40","guid":{"rendered":"http:\/\/lahora.mx\/?p=55027"},"modified":"2024-11-15T17:48:40","modified_gmt":"2024-11-15T17:48:40","slug":"yunes-explica-por-que-busca-seguir-en-el-pan-pero-votar-a-favor-de-morena","status":"publish","type":"post","link":"https:\/\/lahora.mx\/index.php\/2024\/11\/15\/yunes-explica-por-que-busca-seguir-en-el-pan-pero-votar-a-favor-de-morena\/","title":{"rendered":"Yunes explica por qu\u00e9 busca seguir en el PAN, pero votar a favor de Morena"},"content":{"rendered":"\n<p>\u201cPara votar en favor del pa\u00eds, para eso me quiero quedar en el PAN\u201d, explic\u00f3 Miguel \u00c1ngel Yunes Linares, quien fue este jueves 14 de noviembre expulsado de Acci\u00f3n Naciona, pero busca revertir el proceso en los tribunales.<\/p>\n\n\n\n<p>El padre de Yunes M\u00e1rquez, quien vot\u00f3 con Morena a favor de la reforma judicial, asegur\u00f3 que los legisladores no est\u00e1n obligados a votar con su partido, ya que son libres de ejercer su sufragio a favor o en contra de cualquier iniciativa: \u201cAqu\u00ed no es votaci\u00f3n de bloque, es votaci\u00f3n individual y esa votaci\u00f3n tiene que ver con la conciencia de cada quien\u201d.<\/p>\n\n\n\n<p>Incluso, el expanista reiter\u00f3 que las reformas \u201cno tienen partido, no tienen color\u201d, por lo que no tiene \u201cnada que ver\u201d las propuestas de Morena. \u201cLas reformas tienen que ver con el bien o el mal de M\u00e9xico\u201d, a\u00f1adi\u00f3 para el programa de Azucena Uresti.<\/p>\n\n\n\n<p>Por esta raz\u00f3n, el exgobernador de Veracruz advirti\u00f3 que luchar\u00e1 por mantenerse en el PAN, sin importar que est\u00e9 en contra de las reformas que impulse su propio partido u otro movimiento: \u201cVoy a seguir militando en el PAN e impulsando las buenas causas de M\u00e9xico, las proponga el PAN, el PRI, el PRD, el que sea\u201d.<\/p>\n\n\n\n<p>Ante los insultos que han recibido su hijo y \u00e9l por mostrarse a favor de la 4T, Yunes Linares respondi\u00f3 que los panistas en Veracruz no los llaman traidores porque Marko Cort\u00e9s fue el que \u201cautoriz\u00f3\u201d este adjetivo, \u201csin ninguna raz\u00f3n. Ni Jorge ni Marko son los due\u00f1os del PAN\u201d, dijo.<\/p>\n\n\n\n<p>\u201cYo quiero preguntar, \u00bflos 86 senadores que votaron a favor de la reforma judicial son traidores a M\u00e9xico o nom\u00e1s uno?\u201d, lanz\u00f3.<\/p>\n\n\n\n<p>PAN expulsa a Miguel \u00c1ngel Yunes M\u00e1rquez y su padre por votar con Morena<br>El Partido Acci\u00f3n Nacional (PAN) decidi\u00f3 expulsar a Miguel \u00c1ngel Yunes M\u00e1rquez y su padre Miguel \u00c1ngel Yunes Linares, quienes se mostraron a favor de las iniciativas de Morena y votaron por avalar la reforma al Poder Judicial.<\/p>\n\n\n\n<p>La panista Marisol Vargas B\u00e1rcena explic\u00f3 en un comunicado que la expulsi\u00f3n fue aprobada, por unanimidad, por la Comisi\u00f3n de Orden de Acci\u00f3n Nacional, en pleno ejercicio de sus atribuciones y por sus miembros.<\/p>\n\n\n\n<p>De acuerdo con el PAN, la salida de los Yunes fue tomada tras un an\u00e1lisis cuidadoso y en cumplimiento con los principios y normas que rigen al partido:<\/p>\n\n\n\n<p>\u201cLa expulsi\u00f3n se basa en la necesidad de mantener la integridad y los valores que caracterizan a Acci\u00f3n Nacional, as\u00ed como de garantizar el respeto a las decisiones que fortalecen nuestra unidad y compromiso con la ciudadan\u00eda\u201d.<\/p>\n","protected":false},"excerpt":{"rendered":"<p>\u201cPara votar en favor del pa\u00eds, para eso me quiero quedar en el PAN\u201d, explic\u00f3 Miguel \u00c1ngel Yunes Linares, quien fue este jueves 14 de noviembre expulsado de Acci\u00f3n Naciona, pero busca revertir el proceso en los tribunales. El padre de Yunes M\u00e1rquez, quien vot\u00f3 con Morena a favor de la reforma judicial, asegur\u00f3 que [&hellip;]<\/p>\n","protected":false},"author":4,"featured_media":55028,"comment_status":"open","ping_status":"open","sticky":false,"template":"","format":"standard","meta":{"om_disable_all_campaigns":false,"_monsterinsights_skip_tracking":false,"_monsterinsights_sitenote_active":false,"_monsterinsights_sitenote_note":"","_monsterinsights_sitenote_category":0,"footnotes":""},"categories":[176],"tags":[128],"class_list":["post-55027","post","type-post","status-publish","format-standard","has-post-thumbnail","hentry","category-nacional","tag-politics"],"amp_enabled":true,"_links":{"self":[{"href":"https:\/\/lahora.mx\/index.php\/wp-json\/wp\/v2\/posts\/55027","targetHints":{"allow":["GET"]}}],"collection":[{"href":"https:\/\/lahora.mx\/index.php\/wp-json\/wp\/v2\/posts"}],"about":[{"href":"https:\/\/lahora.mx\/index.php\/wp-json\/wp\/v2\/types\/post"}],"author":[{"embeddable":true,"href":"https:\/\/lahora.mx\/index.php\/wp-json\/wp\/v2\/users\/4"}],"replies":[{"embeddable":true,"href":"https:\/\/lahora.mx\/index.php\/wp-json\/wp\/v2\/comments?post=55027"}],"version-history":[{"count":1,"href":"https:\/\/lahora.mx\/index.php\/wp-json\/wp\/v2\/posts\/55027\/revisions"}],"predecessor-version":[{"id":55029,"href":"https:\/\/lahora.mx\/index.php\/wp-json\/wp\/v2\/posts\/55027\/revisions\/55029"}],"wp:featuredmedia":[{"embeddable":true,"href":"https:\/\/lahora.mx\/index.php\/wp-json\/wp\/v2\/media\/55028"}],"wp:attachment":[{"href":"https:\/\/lahora.mx\/index.php\/wp-json\/wp\/v2\/media?parent=55027"}],"wp:term":[{"taxonomy":"category","embeddable":true,"href":"https:\/\/lahora.mx\/index.php\/wp-json\/wp\/v2\/categories?post=55027"},{"taxonomy":"post_tag","embeddable":true,"href":"https:\/\/lahora.mx\/index.php\/wp-json\/wp\/v2\/tags?post=55027"}],"curies":[{"name":"wp","href":"https:\/\/api.w.org\/{rel}","templated":true}]}}