{"id":55018,"date":"2024-11-15T17:36:12","date_gmt":"2024-11-15T17:36:12","guid":{"rendered":"http:\/\/lahora.mx\/?p=55018"},"modified":"2024-11-15T17:36:12","modified_gmt":"2024-11-15T17:36:12","slug":"carlos-slim-preve-buen-futuro-para-mexico-con-donald-trump","status":"publish","type":"post","link":"https:\/\/lahora.mx\/index.php\/2024\/11\/15\/carlos-slim-preve-buen-futuro-para-mexico-con-donald-trump\/","title":{"rendered":"Carlos Slim prev\u00e9 buen futuro para M\u00e9xico con Donald Trump"},"content":{"rendered":"\n<p>Un buen futuro econ\u00f3mico y comercial fue la proyecci\u00f3n que hizo el empresario Carlos Slim respecto a la relaci\u00f3n de M\u00e9xico con Estados Unidos luego de que Donald Trump fue elegido presidente del pa\u00eds vecino.<\/p>\n\n\n\n<p>El hombre m\u00e1s rico del pa\u00eds se\u00f1al\u00f3 ayer por la noche que nuestro pa\u00eds sostiene una relaci\u00f3n complementaria con los Estados Unidos y con Canad\u00e1, pero asegur\u00f3 que M\u00e9xico es el que obtiene una mayor ventaja de ella.<\/p>\n\n\n\n<p>Destac\u00f3 que muchas de las importaciones que las naciones vecinas del norte llevar\u00e1n a cabo en los pr\u00f3ximos a\u00f1os vendr\u00e1n del pa\u00eds, por lo que augur\u00f3 que, a pesar de las amenazas de Donald Trump, a la naci\u00f3n mexicana le ir\u00e1 bien en los pr\u00f3ximos a\u00f1os.<\/p>\n\n\n\n<p>\u00abNos va a ir bien porque somos complementarios (\u2026) M\u00e9xico es complementario de Estados Unidos y Canad\u00e1, y muchas de las importaciones que hacen vendr\u00e1n de M\u00e9xico\u201d, asegur\u00f3 Carlos Slim, tras una reuni\u00f3n en Palacio Nacional con la presidenta Claudia Sheinbaum Pardo.<\/p>\n\n\n\n<p>Recordemos que, durante el sexenio de Andr\u00e9s Manuel L\u00f3pez Obrador, la naci\u00f3n mexicana desplaz\u00f3 a China como mayor socio comercial de los Estados Unidos, tras 20 a\u00f1os de supremac\u00eda del pa\u00eds asi\u00e1tico.<\/p>\n\n\n\n<p>De acuerdo con la Oficina de Censo norteamericana, en 2023 M\u00e9xico y el pa\u00eds vecino del norte intercambiaron mercanc\u00edas en importaciones y exportaciones equivalentes a 798 mil millones de d\u00f3lares.<\/p>\n\n\n\n<p>En ese mismo a\u00f1o nuestro pa\u00eds se convirti\u00f3 tambi\u00e9n en el mayor proveedor comercial de los Estados Unidos, ya que exporto productos con un valor total de 476 mil 600 millones de d\u00f3lares.<\/p>\n\n\n\n<p>Carlos Slim se re\u00fane con Sheinbaum; hablan sobre reconstrucci\u00f3n de Acapulco<\/p>\n\n\n\n<p>La reuni\u00f3n que sostuvo el magnate mexicano con la presidenta Sheinbaum fue para hablar sobre la reconstrucci\u00f3n de Acapulco, tras las afectaciones que sufri\u00f3 primero por el hurac\u00e1n Otis en 2023 y recientemente por el hurac\u00e1n John.<\/p>\n\n\n\n<p>En la reuni\u00f3n estuvieron tambi\u00e9n Arturo El\u00edas Ayub, yerno de Slim y presidente de Fundaci\u00f3n Telmex; Francisco Cervantes, presidente del Consejo Coordinador Empresarial (CCE); y el titular de la Secretar\u00eda de Econom\u00eda federal, Marcelo Ebrard Casaub\u00f3n.<\/p>\n\n\n\n<p>El secretario de Econom\u00eda se\u00f1al\u00f3 que la reuni\u00f3n dur\u00f3 dos horas, pero no dio m\u00e1s detalles. Carlos Slim asegur\u00f3 que las obras de reconstrucci\u00f3n terminar\u00e1n el pr\u00f3ximo a\u00f1o, a pesar del impacto del hurac\u00e1n John que las retras\u00f3 y gracias a la cooperaci\u00f3n del sector p\u00fablico y privado.<\/p>\n","protected":false},"excerpt":{"rendered":"<p>Un buen futuro econ\u00f3mico y comercial fue la proyecci\u00f3n que hizo el empresario Carlos Slim respecto a la relaci\u00f3n de M\u00e9xico con Estados Unidos luego de que Donald Trump fue elegido presidente del pa\u00eds vecino. El hombre m\u00e1s rico del pa\u00eds se\u00f1al\u00f3 ayer por la noche que nuestro pa\u00eds sostiene una relaci\u00f3n complementaria con los [&hellip;]<\/p>\n","protected":false},"author":4,"featured_media":55019,"comment_status":"open","ping_status":"open","sticky":false,"template":"","format":"standard","meta":{"om_disable_all_campaigns":false,"_monsterinsights_skip_tracking":false,"_monsterinsights_sitenote_active":false,"_monsterinsights_sitenote_note":"","_monsterinsights_sitenote_category":0,"footnotes":""},"categories":[176],"tags":[],"class_list":["post-55018","post","type-post","status-publish","format-standard","has-post-thumbnail","hentry","category-nacional"],"amp_enabled":true,"_links":{"self":[{"href":"https:\/\/lahora.mx\/index.php\/wp-json\/wp\/v2\/posts\/55018","targetHints":{"allow":["GET"]}}],"collection":[{"href":"https:\/\/lahora.mx\/index.php\/wp-json\/wp\/v2\/posts"}],"about":[{"href":"https:\/\/lahora.mx\/index.php\/wp-json\/wp\/v2\/types\/post"}],"author":[{"embeddable":true,"href":"https:\/\/lahora.mx\/index.php\/wp-json\/wp\/v2\/users\/4"}],"replies":[{"embeddable":true,"href":"https:\/\/lahora.mx\/index.php\/wp-json\/wp\/v2\/comments?post=55018"}],"version-history":[{"count":1,"href":"https:\/\/lahora.mx\/index.php\/wp-json\/wp\/v2\/posts\/55018\/revisions"}],"predecessor-version":[{"id":55020,"href":"https:\/\/lahora.mx\/index.php\/wp-json\/wp\/v2\/posts\/55018\/revisions\/55020"}],"wp:featuredmedia":[{"embeddable":true,"href":"https:\/\/lahora.mx\/index.php\/wp-json\/wp\/v2\/media\/55019"}],"wp:attachment":[{"href":"https:\/\/lahora.mx\/index.php\/wp-json\/wp\/v2\/media?parent=55018"}],"wp:term":[{"taxonomy":"category","embeddable":true,"href":"https:\/\/lahora.mx\/index.php\/wp-json\/wp\/v2\/categories?post=55018"},{"taxonomy":"post_tag","embeddable":true,"href":"https:\/\/lahora.mx\/index.php\/wp-json\/wp\/v2\/tags?post=55018"}],"curies":[{"name":"wp","href":"https:\/\/api.w.org\/{rel}","templated":true}]}}