{"id":54892,"date":"2024-11-13T17:21:07","date_gmt":"2024-11-13T17:21:07","guid":{"rendered":"http:\/\/lahora.mx\/?p=54892"},"modified":"2024-11-13T17:21:07","modified_gmt":"2024-11-13T17:21:07","slug":"elon-musk-en-el-gabinete-presidencial-de-donald-trump","status":"publish","type":"post","link":"https:\/\/lahora.mx\/index.php\/2024\/11\/13\/elon-musk-en-el-gabinete-presidencial-de-donald-trump\/","title":{"rendered":"Elon Musk en el gabinete presidencial de Donald Trump"},"content":{"rendered":"\n<p>El presidente electo de los Estados Unidos, Donald Trump, design\u00f3 a Elon Musk, due\u00f1o de Tesla y SpaceX, como l\u00edder del Departamento de Eficiencia Gubernamental.<\/p>\n\n\n\n<p>En el cargo tambi\u00e9n estar\u00e1 Vivek Ramaswamy, empresario y excandidato republicano. El prop\u00f3sito de la nueva agencia ser\u00e1 reorganizar el aparato burocr\u00e1tico federal y optimizar el gasto p\u00fablico, se\u00f1al\u00f3 Donald Trump.<\/p>\n\n\n\n<p>\u201cEsto har\u00e1 temblar el sistema y a quienes participan en el despilfarro gubernamental\u201d, afirm\u00f3 Elon Musk en un mensaje que escribi\u00f3 en X.<\/p>\n\n\n\n<p>Donald Trump detall\u00f3 que la labor del Departamento de Eficiencia Gubernamental concluir\u00e1 el 4 de julio de 2026, en el 250 aniversario de la independencia de los Estados Unidos.<\/p>\n\n\n\n<p>Adem\u00e1s de Elon Musk y Vivek Ramaswamy, el presidente electo anunci\u00f3 otros nombramientos. Los enlistamos.<\/p>\n\n\n\n<p>Pete Hegseth, secretario de Defensa<br>Mike Huckabee, exgobernador de Arkansas, embajador ante Israel<br>La administraci\u00f3n de Donald Trump iniciar\u00e1 el 20 de enero. El Partido Republicano obtuvo la mayor\u00eda en el Senado estadounidense y en la C\u00e1mara de Representantes, lo que le permite realizar modificaciones legales a legislaci\u00f3n.<\/p>\n","protected":false},"excerpt":{"rendered":"<p>El presidente electo de los Estados Unidos, Donald Trump, design\u00f3 a Elon Musk, due\u00f1o de Tesla y SpaceX, como l\u00edder del Departamento de Eficiencia Gubernamental. En el cargo tambi\u00e9n estar\u00e1 Vivek Ramaswamy, empresario y excandidato republicano. El prop\u00f3sito de la nueva agencia ser\u00e1 reorganizar el aparato burocr\u00e1tico federal y optimizar el gasto p\u00fablico, se\u00f1al\u00f3 Donald [&hellip;]<\/p>\n","protected":false},"author":4,"featured_media":54893,"comment_status":"open","ping_status":"open","sticky":false,"template":"","format":"standard","meta":{"om_disable_all_campaigns":false,"_monsterinsights_skip_tracking":false,"_monsterinsights_sitenote_active":false,"_monsterinsights_sitenote_note":"","_monsterinsights_sitenote_category":0,"footnotes":""},"categories":[183],"tags":[],"class_list":["post-54892","post","type-post","status-publish","format-standard","has-post-thumbnail","hentry","category-internacional"],"amp_enabled":true,"_links":{"self":[{"href":"https:\/\/lahora.mx\/index.php\/wp-json\/wp\/v2\/posts\/54892","targetHints":{"allow":["GET"]}}],"collection":[{"href":"https:\/\/lahora.mx\/index.php\/wp-json\/wp\/v2\/posts"}],"about":[{"href":"https:\/\/lahora.mx\/index.php\/wp-json\/wp\/v2\/types\/post"}],"author":[{"embeddable":true,"href":"https:\/\/lahora.mx\/index.php\/wp-json\/wp\/v2\/users\/4"}],"replies":[{"embeddable":true,"href":"https:\/\/lahora.mx\/index.php\/wp-json\/wp\/v2\/comments?post=54892"}],"version-history":[{"count":1,"href":"https:\/\/lahora.mx\/index.php\/wp-json\/wp\/v2\/posts\/54892\/revisions"}],"predecessor-version":[{"id":54894,"href":"https:\/\/lahora.mx\/index.php\/wp-json\/wp\/v2\/posts\/54892\/revisions\/54894"}],"wp:featuredmedia":[{"embeddable":true,"href":"https:\/\/lahora.mx\/index.php\/wp-json\/wp\/v2\/media\/54893"}],"wp:attachment":[{"href":"https:\/\/lahora.mx\/index.php\/wp-json\/wp\/v2\/media?parent=54892"}],"wp:term":[{"taxonomy":"category","embeddable":true,"href":"https:\/\/lahora.mx\/index.php\/wp-json\/wp\/v2\/categories?post=54892"},{"taxonomy":"post_tag","embeddable":true,"href":"https:\/\/lahora.mx\/index.php\/wp-json\/wp\/v2\/tags?post=54892"}],"curies":[{"name":"wp","href":"https:\/\/api.w.org\/{rel}","templated":true}]}}