{"id":5479,"date":"2022-04-14T16:55:58","date_gmt":"2022-04-14T16:55:58","guid":{"rendered":"http:\/\/lahora.mx\/?p=5479"},"modified":"2022-04-14T16:55:59","modified_gmt":"2022-04-14T16:55:59","slug":"133-muertos-en-filipinas-tras-tormenta","status":"publish","type":"post","link":"https:\/\/lahora.mx\/index.php\/2022\/04\/14\/133-muertos-en-filipinas-tras-tormenta\/","title":{"rendered":"133 muertos en Filipinas tras tormenta"},"content":{"rendered":"\n<p>Por los&nbsp;<strong>deslizamientos de tierra e inundaciones en Filipinas<\/strong>, causados por la&nbsp;<strong>tormenta tropical Megi,<\/strong>&nbsp;han muerto 133 personas seg\u00fan cifras oficiales.<\/p>\n\n\n\n<p>La tormenta azot\u00f3 el archipi\u00e9lago a lo largo de varios d\u00edas y oblig\u00f3 a decenas de miles a refugiarse en&nbsp;<strong>centros de evacuaci\u00f3n&nbsp;<\/strong>pero numerosas personas contin\u00faan desaparecidas y se teme que podr\u00edan haber muerto.<\/p>\n\n\n\n<p>Los devastadores aludes arrasaron comunidades agr\u00edcolas y pesqueras, destruyendo casas a su paso en la provincia central de Leyte, la m\u00e1s golpeada por Megi.<\/p>\n\n\n\n<p>Personal de emergencia en el municipio de Abuyog recuper\u00f3 decenas de cad\u00e1veres de la aldea costera de Pilar, destruida el martes por un deslizamiento de tierra.<\/p>\n\n\n\n<p>Lemuel Traya, alcalde de Abuyog, dijo que al menos 43 personas murieron, una de ellas ahogada, y unas 150 desaparecieron en ese municipio.<\/p>\n\n\n\n<p>Otras 86 personas murieron y decenas resultaron heridas en las aldeas en torno a la ciudad de Baybay, indicaron las autoridades locales. Unas cien personas contin\u00faan desaparecidas.<\/p>\n\n\n\n<p>Tres personas murieron ahogadas en la isla sure\u00f1a de Mindanao, y una m\u00e1s falleci\u00f3 en la provincia central de Iloilo, inform\u00f3 la agencia nacional de desastres en su \u00faltima actualizaci\u00f3n.<\/p>\n\n\n\n<p>El mal tiempo y el lodo complicaron las tareas de rescate en Pilar, cuyo suelo era inestable. Los rescatistas tambi\u00e9n revisaban la costa luego de que algunos cad\u00e1veres fueron arrastrados por la corriente marina.<\/p>\n","protected":false},"excerpt":{"rendered":"<p>Por los&nbsp;deslizamientos de tierra e inundaciones en Filipinas, causados por la&nbsp;tormenta tropical Megi,&nbsp;han muerto 133 personas seg\u00fan cifras oficiales. La tormenta azot\u00f3 el archipi\u00e9lago a lo largo de varios d\u00edas y oblig\u00f3 a decenas de miles a refugiarse en&nbsp;centros de evacuaci\u00f3n&nbsp;pero numerosas personas contin\u00faan desaparecidas y se teme que podr\u00edan haber muerto. Los devastadores aludes [&hellip;]<\/p>\n","protected":false},"author":4,"featured_media":5480,"comment_status":"open","ping_status":"open","sticky":false,"template":"","format":"standard","meta":{"om_disable_all_campaigns":false,"_monsterinsights_skip_tracking":false,"_monsterinsights_sitenote_active":false,"_monsterinsights_sitenote_note":"","_monsterinsights_sitenote_category":0,"footnotes":""},"categories":[183],"tags":[],"class_list":["post-5479","post","type-post","status-publish","format-standard","has-post-thumbnail","hentry","category-internacional"],"amp_enabled":true,"_links":{"self":[{"href":"https:\/\/lahora.mx\/index.php\/wp-json\/wp\/v2\/posts\/5479","targetHints":{"allow":["GET"]}}],"collection":[{"href":"https:\/\/lahora.mx\/index.php\/wp-json\/wp\/v2\/posts"}],"about":[{"href":"https:\/\/lahora.mx\/index.php\/wp-json\/wp\/v2\/types\/post"}],"author":[{"embeddable":true,"href":"https:\/\/lahora.mx\/index.php\/wp-json\/wp\/v2\/users\/4"}],"replies":[{"embeddable":true,"href":"https:\/\/lahora.mx\/index.php\/wp-json\/wp\/v2\/comments?post=5479"}],"version-history":[{"count":1,"href":"https:\/\/lahora.mx\/index.php\/wp-json\/wp\/v2\/posts\/5479\/revisions"}],"predecessor-version":[{"id":5481,"href":"https:\/\/lahora.mx\/index.php\/wp-json\/wp\/v2\/posts\/5479\/revisions\/5481"}],"wp:featuredmedia":[{"embeddable":true,"href":"https:\/\/lahora.mx\/index.php\/wp-json\/wp\/v2\/media\/5480"}],"wp:attachment":[{"href":"https:\/\/lahora.mx\/index.php\/wp-json\/wp\/v2\/media?parent=5479"}],"wp:term":[{"taxonomy":"category","embeddable":true,"href":"https:\/\/lahora.mx\/index.php\/wp-json\/wp\/v2\/categories?post=5479"},{"taxonomy":"post_tag","embeddable":true,"href":"https:\/\/lahora.mx\/index.php\/wp-json\/wp\/v2\/tags?post=5479"}],"curies":[{"name":"wp","href":"https:\/\/api.w.org\/{rel}","templated":true}]}}