{"id":54760,"date":"2024-11-10T18:26:45","date_gmt":"2024-11-10T18:26:45","guid":{"rendered":"http:\/\/lahora.mx\/?p=54760"},"modified":"2024-11-10T18:26:45","modified_gmt":"2024-11-10T18:26:45","slug":"el-gobernador-electo-armenta-y-el-camino-a-la-consolidacion-de-la-4t-con-sheinbaum","status":"publish","type":"post","link":"https:\/\/lahora.mx\/index.php\/2024\/11\/10\/el-gobernador-electo-armenta-y-el-camino-a-la-consolidacion-de-la-4t-con-sheinbaum\/","title":{"rendered":"El gobernador electo Armenta y el camino a la consolidaci\u00f3n de la 4T con Sheinbaum"},"content":{"rendered":"\n<p>Este 10 de noviembre marca un a\u00f1o desde que Alejandro Armenta, actual gobernador electo de Puebla, fue elegido candidato del Partido Morena en una contienda cerrada contra todos los aspirantes. En este proceso, Armenta no s\u00f3lo asegur\u00f3 la candidatura, sino que estableci\u00f3 una s\u00f3lida posici\u00f3n hacia la gubernatura del estado, destacando su experiencia pol\u00edtica y su popularidad entre la ciudadan\u00eda.<br>Armenta, quien obtuvo la candidatura gracias a su ventaja en las encuestas, consolid\u00f3 su liderazgo en el escenario local y nacional; factores clave, como las designaciones en otros estados y su trayectoria de 35 a\u00f1os, contribuyeron a su posicionamiento. Su campa\u00f1a fue respaldada tambi\u00e9n por una situaci\u00f3n pol\u00edtica favorable, como la decisi\u00f3n de Morena en la Ciudad de M\u00e9xico y en el estado de Morelos, que alinearon las condiciones en Puebla hacia una candidatura fuerte y cohesionada.<\/p>\n\n\n\n<p>El liderazgo, su historial de trabajo y el apoyo ciudadano, consolidaron la campa\u00f1a de Armenta, fortaleciendo su candidatura con un enfoque claro en la unidad y el desarrollo de Puebla.<\/p>\n\n\n\n<p>En un contexto de esperanza y transformaci\u00f3n para Puebla, la visi\u00f3n de Armenta se alinea con el proyecto de la doctora Claudia Sheinbaum, presidenta de M\u00e9xico, quien ha dado su respaldo a iniciativas como \u201cPor Amor a Puebla\u201d. Todo representa un compromiso con el bienestar y progreso de los poblanos, impulsando el desarrollo social y econ\u00f3mico de la mano de un gobierno que busca elevar la calidad de vida de todas y todos.<\/p>\n","protected":false},"excerpt":{"rendered":"<p>Este 10 de noviembre marca un a\u00f1o desde que Alejandro Armenta, actual gobernador electo de Puebla, fue elegido candidato del Partido Morena en una contienda cerrada contra todos los aspirantes. En este proceso, Armenta no s\u00f3lo asegur\u00f3 la candidatura, sino que estableci\u00f3 una s\u00f3lida posici\u00f3n hacia la gubernatura del estado, destacando su experiencia pol\u00edtica y [&hellip;]<\/p>\n","protected":false},"author":4,"featured_media":54761,"comment_status":"open","ping_status":"open","sticky":false,"template":"","format":"standard","meta":{"om_disable_all_campaigns":false,"_monsterinsights_skip_tracking":false,"_monsterinsights_sitenote_active":false,"_monsterinsights_sitenote_note":"","_monsterinsights_sitenote_category":0,"footnotes":""},"categories":[175,5],"tags":[128,223],"class_list":["post-54760","post","type-post","status-publish","format-standard","has-post-thumbnail","hentry","category-local","category-politica","tag-politics","tag-puebla"],"amp_enabled":true,"_links":{"self":[{"href":"https:\/\/lahora.mx\/index.php\/wp-json\/wp\/v2\/posts\/54760","targetHints":{"allow":["GET"]}}],"collection":[{"href":"https:\/\/lahora.mx\/index.php\/wp-json\/wp\/v2\/posts"}],"about":[{"href":"https:\/\/lahora.mx\/index.php\/wp-json\/wp\/v2\/types\/post"}],"author":[{"embeddable":true,"href":"https:\/\/lahora.mx\/index.php\/wp-json\/wp\/v2\/users\/4"}],"replies":[{"embeddable":true,"href":"https:\/\/lahora.mx\/index.php\/wp-json\/wp\/v2\/comments?post=54760"}],"version-history":[{"count":1,"href":"https:\/\/lahora.mx\/index.php\/wp-json\/wp\/v2\/posts\/54760\/revisions"}],"predecessor-version":[{"id":54762,"href":"https:\/\/lahora.mx\/index.php\/wp-json\/wp\/v2\/posts\/54760\/revisions\/54762"}],"wp:featuredmedia":[{"embeddable":true,"href":"https:\/\/lahora.mx\/index.php\/wp-json\/wp\/v2\/media\/54761"}],"wp:attachment":[{"href":"https:\/\/lahora.mx\/index.php\/wp-json\/wp\/v2\/media?parent=54760"}],"wp:term":[{"taxonomy":"category","embeddable":true,"href":"https:\/\/lahora.mx\/index.php\/wp-json\/wp\/v2\/categories?post=54760"},{"taxonomy":"post_tag","embeddable":true,"href":"https:\/\/lahora.mx\/index.php\/wp-json\/wp\/v2\/tags?post=54760"}],"curies":[{"name":"wp","href":"https:\/\/api.w.org\/{rel}","templated":true}]}}