{"id":54744,"date":"2024-11-08T23:24:15","date_gmt":"2024-11-08T23:24:15","guid":{"rendered":"http:\/\/lahora.mx\/?p=54744"},"modified":"2024-11-08T23:24:15","modified_gmt":"2024-11-08T23:24:15","slug":"agua-de-puebla-y-soapap-compareceran-ante-diputados-del-congreso-el-miercoles","status":"publish","type":"post","link":"https:\/\/lahora.mx\/index.php\/2024\/11\/08\/agua-de-puebla-y-soapap-compareceran-ante-diputados-del-congreso-el-miercoles\/","title":{"rendered":"Agua de Puebla y Soapap comparecer\u00e1n ante diputados del Congreso el mi\u00e9rcoles"},"content":{"rendered":"\n<p>En Comisi\u00f3n diputados aprobaron el acuerdo en el que llaman a comparecer al director de la Agua de Puebla y al director de Soapap ante la comisi\u00f3n de Hacienda y Patrimonio el 13 de noviembre a las 13:00 horas en el Congreso del Estado.<\/p>\n\n\n\n<p>En entrevista el diputado Miguel Trujillo, inform\u00f3 que ser\u00e1 durante la comisi\u00f3n de Hacienda y Patrimonio Municipal en donde comparecer\u00e1n el director de Agua de Puebla, H\u00e9ctor Duran D\u00edaz y al director de Soapap, Gustavo Gayt\u00e1n Alcaraz; para que transparenten los t\u00e9rminos que se hizo los contratos y los diputados decidir\u00e1n si consideran que hay temas graves, pasar\u00e1 la comparecencia ante el pleno.<\/p>\n\n\n\n<p>\u201cEstamos interesados en que Agua de Puebla transparente los t\u00e9rminos en los que se hizo el contrato y respondan a los cuestionamientos de la mala calidad de agua y de servicio\u201d expres\u00f3 el diputado Miguel Trujillo.<\/p>\n\n\n\n<p>Tambi\u00e9n se\u00f1alo el diputado que desde el 2018, Morena ha estado interesado en la concesionaria Agua de Puebla transparente, los t\u00e9rminos y que responda los cuestionamientos que tiene la ciudadan\u00eda.<\/p>\n","protected":false},"excerpt":{"rendered":"<p>En Comisi\u00f3n diputados aprobaron el acuerdo en el que llaman a comparecer al director de la Agua de Puebla y al director de Soapap ante la comisi\u00f3n de Hacienda y Patrimonio el 13 de noviembre a las 13:00 horas en el Congreso del Estado. En entrevista el diputado Miguel Trujillo, inform\u00f3 que ser\u00e1 durante la [&hellip;]<\/p>\n","protected":false},"author":4,"featured_media":54745,"comment_status":"open","ping_status":"open","sticky":false,"template":"","format":"standard","meta":{"om_disable_all_campaigns":false,"_monsterinsights_skip_tracking":false,"_monsterinsights_sitenote_active":false,"_monsterinsights_sitenote_note":"","_monsterinsights_sitenote_category":0,"footnotes":""},"categories":[175],"tags":[227,223],"class_list":["post-54744","post","type-post","status-publish","format-standard","has-post-thumbnail","hentry","category-local","tag-congreso","tag-puebla"],"amp_enabled":true,"_links":{"self":[{"href":"https:\/\/lahora.mx\/index.php\/wp-json\/wp\/v2\/posts\/54744","targetHints":{"allow":["GET"]}}],"collection":[{"href":"https:\/\/lahora.mx\/index.php\/wp-json\/wp\/v2\/posts"}],"about":[{"href":"https:\/\/lahora.mx\/index.php\/wp-json\/wp\/v2\/types\/post"}],"author":[{"embeddable":true,"href":"https:\/\/lahora.mx\/index.php\/wp-json\/wp\/v2\/users\/4"}],"replies":[{"embeddable":true,"href":"https:\/\/lahora.mx\/index.php\/wp-json\/wp\/v2\/comments?post=54744"}],"version-history":[{"count":1,"href":"https:\/\/lahora.mx\/index.php\/wp-json\/wp\/v2\/posts\/54744\/revisions"}],"predecessor-version":[{"id":54746,"href":"https:\/\/lahora.mx\/index.php\/wp-json\/wp\/v2\/posts\/54744\/revisions\/54746"}],"wp:featuredmedia":[{"embeddable":true,"href":"https:\/\/lahora.mx\/index.php\/wp-json\/wp\/v2\/media\/54745"}],"wp:attachment":[{"href":"https:\/\/lahora.mx\/index.php\/wp-json\/wp\/v2\/media?parent=54744"}],"wp:term":[{"taxonomy":"category","embeddable":true,"href":"https:\/\/lahora.mx\/index.php\/wp-json\/wp\/v2\/categories?post=54744"},{"taxonomy":"post_tag","embeddable":true,"href":"https:\/\/lahora.mx\/index.php\/wp-json\/wp\/v2\/tags?post=54744"}],"curies":[{"name":"wp","href":"https:\/\/api.w.org\/{rel}","templated":true}]}}