{"id":54731,"date":"2024-11-08T16:29:03","date_gmt":"2024-11-08T16:29:03","guid":{"rendered":"http:\/\/lahora.mx\/?p=54731"},"modified":"2024-11-08T16:29:03","modified_gmt":"2024-11-08T16:29:03","slug":"huracan-rafael-inunda-cuba-y-evacuan-a-200-mil","status":"publish","type":"post","link":"https:\/\/lahora.mx\/index.php\/2024\/11\/08\/huracan-rafael-inunda-cuba-y-evacuan-a-200-mil\/","title":{"rendered":"Hurac\u00e1n Rafael inunda Cuba y evacuan a 200 mil"},"content":{"rendered":"\n<p>200 mil habitantes de las provincias occidentales de Cuba fueron evacuadas de sus hogares ante el paso del hurac\u00e1n Rafael por la isla, que caus\u00f3 m\u00e1s de 461 derrumbes en viviendas e inmuebles de La Habana, capital del pa\u00eds.<\/p>\n\n\n\n<p>El meteoro categor\u00eda 3 en la escala Saffir-Simpson se ubic\u00f3 la madrugada de hoy al norte de la Pen\u00ednsula de Yucat\u00e1n afectando con lluvias la zona; se prev\u00e9 que impacte en las costas de Yucat\u00e1n y Campeche el pr\u00f3ximo mi\u00e9rcoles.<\/p>\n\n\n\n<p>En Cuba, a pesar de los da\u00f1os materiales millonarios centrados en el tendido el\u00e9ctrico, hospitales, escuelas y viviendas, hasta el momento no se registran muertes por el hurac\u00e1n Rafael.<\/p>\n\n\n\n<p>As\u00ed lo dieron a conocer el coronel Luis \u00c1ngel Macare\u00f1o, segundo jefe de la Defensa Civil de la isla, y la gobernadora de La Habana, Yanet Hern\u00e1ndez P\u00e9rez, de acuerdo con informaci\u00f3n de Xinhua.<\/p>\n\n\n\n<p>Hurac\u00e1n Rafael llegar\u00e1 a M\u00e9xico \u00bfA qu\u00e9 estados del pa\u00eds afectar\u00e1?<br>El Servicio Meteorol\u00f3gico Nacional (SMN) inform\u00f3 la madrugada de este viernes que el hurac\u00e1n Rafael se ubic\u00f3 a al norte de la Pen\u00ednsula de Yucat\u00e1n y que su presencia provocar\u00e1 vientos fuertes y oleaje elevado en costas de Quintana Roo, Campeche y Yucat\u00e1n.<\/p>\n\n\n\n<p>Ante la actividad del meteoro, el SMN recomend\u00f3 a los habitantes de las zonas implicadas \u201cExtremar precauciones (\u2026) por lluvias, viento y oleaje\u201d, adem\u00e1s de atender los anuncios de las autoridades locales.<\/p>\n\n\n\n<p>Hurac\u00e1n Rafael inunda Cuba y evacuan a 200 mil \u00bfC\u00f3mo afectar\u00e1 a M\u00e9xico?<br>Las lluvias en la zona a consecuencia del hurac\u00e1n Rafael afectaran s\u00f3lo a esos tres estados y se mantendr\u00e1n hasta el pr\u00f3ximo 13 de noviembre, cuando se estima toque las costas de Campeche y Yucat\u00e1n.<\/p>\n\n\n\n<p>Rafael no llegar\u00e1 como hurac\u00e1n, ya que desde este 8 de noviembre y hasta el pr\u00f3ximo mi\u00e9rcoles bajar\u00e1 su intensidad, de 3 a 1 en escala Saffir-Simpson, convirti\u00e9ndose en tormenta tropical y finalmente llegando a baja presi\u00f3n remanente.<\/p>\n","protected":false},"excerpt":{"rendered":"<p>200 mil habitantes de las provincias occidentales de Cuba fueron evacuadas de sus hogares ante el paso del hurac\u00e1n Rafael por la isla, que caus\u00f3 m\u00e1s de 461 derrumbes en viviendas e inmuebles de La Habana, capital del pa\u00eds. El meteoro categor\u00eda 3 en la escala Saffir-Simpson se ubic\u00f3 la madrugada de hoy al norte [&hellip;]<\/p>\n","protected":false},"author":4,"featured_media":54732,"comment_status":"open","ping_status":"open","sticky":false,"template":"","format":"standard","meta":{"om_disable_all_campaigns":false,"_monsterinsights_skip_tracking":false,"_monsterinsights_sitenote_active":false,"_monsterinsights_sitenote_note":"","_monsterinsights_sitenote_category":0,"footnotes":""},"categories":[183],"tags":[223],"class_list":["post-54731","post","type-post","status-publish","format-standard","has-post-thumbnail","hentry","category-internacional","tag-puebla"],"amp_enabled":true,"_links":{"self":[{"href":"https:\/\/lahora.mx\/index.php\/wp-json\/wp\/v2\/posts\/54731","targetHints":{"allow":["GET"]}}],"collection":[{"href":"https:\/\/lahora.mx\/index.php\/wp-json\/wp\/v2\/posts"}],"about":[{"href":"https:\/\/lahora.mx\/index.php\/wp-json\/wp\/v2\/types\/post"}],"author":[{"embeddable":true,"href":"https:\/\/lahora.mx\/index.php\/wp-json\/wp\/v2\/users\/4"}],"replies":[{"embeddable":true,"href":"https:\/\/lahora.mx\/index.php\/wp-json\/wp\/v2\/comments?post=54731"}],"version-history":[{"count":1,"href":"https:\/\/lahora.mx\/index.php\/wp-json\/wp\/v2\/posts\/54731\/revisions"}],"predecessor-version":[{"id":54733,"href":"https:\/\/lahora.mx\/index.php\/wp-json\/wp\/v2\/posts\/54731\/revisions\/54733"}],"wp:featuredmedia":[{"embeddable":true,"href":"https:\/\/lahora.mx\/index.php\/wp-json\/wp\/v2\/media\/54732"}],"wp:attachment":[{"href":"https:\/\/lahora.mx\/index.php\/wp-json\/wp\/v2\/media?parent=54731"}],"wp:term":[{"taxonomy":"category","embeddable":true,"href":"https:\/\/lahora.mx\/index.php\/wp-json\/wp\/v2\/categories?post=54731"},{"taxonomy":"post_tag","embeddable":true,"href":"https:\/\/lahora.mx\/index.php\/wp-json\/wp\/v2\/tags?post=54731"}],"curies":[{"name":"wp","href":"https:\/\/api.w.org\/{rel}","templated":true}]}}