{"id":54710,"date":"2024-11-08T00:34:43","date_gmt":"2024-11-08T00:34:43","guid":{"rendered":"http:\/\/lahora.mx\/?p=54710"},"modified":"2024-11-08T00:34:43","modified_gmt":"2024-11-08T00:34:43","slug":"el-presidente-putin-felicita-a-trump-por-su-victoria-en-las-elecciones-de-estados-unidos-se-dice-dispuesto-a-reanudar-el-contacto","status":"publish","type":"post","link":"https:\/\/lahora.mx\/index.php\/2024\/11\/08\/el-presidente-putin-felicita-a-trump-por-su-victoria-en-las-elecciones-de-estados-unidos-se-dice-dispuesto-a-reanudar-el-contacto\/","title":{"rendered":"El presidente Putin felicita a Trump por su victoria en las elecciones de Estados Unidos; se dice dispuesto a \u201creanudar el contacto\u201d"},"content":{"rendered":"\n<p>El presidente ruso, Vlad\u00edmir Putin, felicit\u00f3 a Donald Trump por su victoria en las elecciones presidenciales en Estados Unidos, al tiempo que se mostr\u00f3 \u201cimpresionado\u201d por su \u201cvaliente\u201d reacci\u00f3n tras el atentado que sufri\u00f3 durante la campa\u00f1a electoral.<\/p>\n\n\n\n<p>\u201cAprovecho la ocasi\u00f3n para felicitarle por su elecci\u00f3n al cargo de presidente de Estados Unidos\u201d, dijo al intervenir en el Club de Debate Vald\u00e1i que tiene lugar en el balneario de Sochi (mar Negro)<\/p>\n\n\n\n<p>\u201cSi alguien quiere reanudar el contacto, no me molesta. Yo estoy dispuesto\u201d, declar\u00f3 el mandatario ruso.<\/p>\n\n\n\n<p>Trump ha evitado criticar p\u00fablicamente a Putin y se ha referido a \u00e9l en t\u00e9rminos cordiales de forma continuada.<\/p>\n\n\n\n<p>Putin a\u00f1adi\u00f3 que lo que Trump ha dicho \u201csobre el deseo de restaurar las relaciones con Rusia para ayudar a poner fin a la crisis ucraniana, en mi opini\u00f3n, merece, al menos, atenci\u00f3n\u201d.<\/p>\n\n\n\n<p>Anteriormente, el Kremlin recibi\u00f3 con benepl\u00e1cito la afirmaci\u00f3n de Trump de que podr\u00eda negociar un fin al conflicto en Ucrania \u201cen 24 horas\u201d, pero enfatiz\u00f3 que esperar\u00e1 a los pasos concretos de pol\u00edtica.<\/p>\n\n\n\n<p>En cuanto a lo que espera de un segundo mandato de Trump, Putin dijo: \u201cNo s\u00e9 qu\u00e9 ocurrir\u00e1 ahora, no tengo idea\u201d.<\/p>\n\n\n\n<p>\u201cPara \u00e9l, este sigue siendo su \u00faltimo mandato presidencial. Lo que har\u00e1 es asunto suyo\u201d, dijo Putin.<\/p>\n","protected":false},"excerpt":{"rendered":"<p>El presidente ruso, Vlad\u00edmir Putin, felicit\u00f3 a Donald Trump por su victoria en las elecciones presidenciales en Estados Unidos, al tiempo que se mostr\u00f3 \u201cimpresionado\u201d por su \u201cvaliente\u201d reacci\u00f3n tras el atentado que sufri\u00f3 durante la campa\u00f1a electoral. \u201cAprovecho la ocasi\u00f3n para felicitarle por su elecci\u00f3n al cargo de presidente de Estados Unidos\u201d, dijo al [&hellip;]<\/p>\n","protected":false},"author":4,"featured_media":54711,"comment_status":"open","ping_status":"open","sticky":false,"template":"","format":"standard","meta":{"om_disable_all_campaigns":false,"_monsterinsights_skip_tracking":false,"_monsterinsights_sitenote_active":false,"_monsterinsights_sitenote_note":"","_monsterinsights_sitenote_category":0,"footnotes":""},"categories":[183],"tags":[],"class_list":["post-54710","post","type-post","status-publish","format-standard","has-post-thumbnail","hentry","category-internacional"],"amp_enabled":true,"_links":{"self":[{"href":"https:\/\/lahora.mx\/index.php\/wp-json\/wp\/v2\/posts\/54710","targetHints":{"allow":["GET"]}}],"collection":[{"href":"https:\/\/lahora.mx\/index.php\/wp-json\/wp\/v2\/posts"}],"about":[{"href":"https:\/\/lahora.mx\/index.php\/wp-json\/wp\/v2\/types\/post"}],"author":[{"embeddable":true,"href":"https:\/\/lahora.mx\/index.php\/wp-json\/wp\/v2\/users\/4"}],"replies":[{"embeddable":true,"href":"https:\/\/lahora.mx\/index.php\/wp-json\/wp\/v2\/comments?post=54710"}],"version-history":[{"count":1,"href":"https:\/\/lahora.mx\/index.php\/wp-json\/wp\/v2\/posts\/54710\/revisions"}],"predecessor-version":[{"id":54712,"href":"https:\/\/lahora.mx\/index.php\/wp-json\/wp\/v2\/posts\/54710\/revisions\/54712"}],"wp:featuredmedia":[{"embeddable":true,"href":"https:\/\/lahora.mx\/index.php\/wp-json\/wp\/v2\/media\/54711"}],"wp:attachment":[{"href":"https:\/\/lahora.mx\/index.php\/wp-json\/wp\/v2\/media?parent=54710"}],"wp:term":[{"taxonomy":"category","embeddable":true,"href":"https:\/\/lahora.mx\/index.php\/wp-json\/wp\/v2\/categories?post=54710"},{"taxonomy":"post_tag","embeddable":true,"href":"https:\/\/lahora.mx\/index.php\/wp-json\/wp\/v2\/tags?post=54710"}],"curies":[{"name":"wp","href":"https:\/\/api.w.org\/{rel}","templated":true}]}}