{"id":54658,"date":"2024-11-07T03:04:06","date_gmt":"2024-11-07T03:04:06","guid":{"rendered":"http:\/\/lahora.mx\/?p=54658"},"modified":"2024-11-07T03:04:06","modified_gmt":"2024-11-07T03:04:06","slug":"suben-a-93-los-desaparecidos-por-las-inundaciones-en-espana","status":"publish","type":"post","link":"https:\/\/lahora.mx\/index.php\/2024\/11\/07\/suben-a-93-los-desaparecidos-por-las-inundaciones-en-espana\/","title":{"rendered":"Suben a 93 los desaparecidos por las inundaciones en Espa\u00f1a"},"content":{"rendered":"\n<p>Un nuevo balance de las autoridades de Espa\u00f1a aumenta a noventa y tres personas est\u00e1n desaparecidas tras las inundaciones que arrasaron el sureste de Valencia hace una semana, donde tuvo lugar la cat\u00e1strofe.<\/p>\n\n\n\n<p>La corte revis\u00f3 su balance al alza, despu\u00e9s de indicar el martes que 89 personas segu\u00edan desaparecidas por las intemperies, que dejaron al menos 219 muertos, principalmente en la regi\u00f3n de Valencia, seg\u00fan las autoridades nacionales y regionales.<\/p>\n\n\n\n<p>El tribunal se\u00f1al\u00f3 en un comunicado que otras cuatro personas hab\u00edan sido notificadas como desaparecidas a las fuerzas de seguridad.<\/p>\n\n\n\n<p>Los expedientes activos de desaparici\u00f3n pueden aumentar o descender en funci\u00f3n de las nuevas identificaciones de los fallecidos existentes, el incremento de denuncias de desaparici\u00f3n o la localizaci\u00f3n de personas con vida\u00bb, manifest\u00f3.<\/p>\n\n\n\n<p><br>Las operaciones de b\u00fasqueda prosiguieron en el terreno el mi\u00e9rcoles, entre otros en estacionamientos subterr\u00e1neos y en los suburbios de Valencia, la zona m\u00e1s afectada por las inundaciones.<\/p>\n\n\n\n<p>Ante la magnitud de la cat\u00e1strofe, el gobierno anunci\u00f3 el martes ayudas por 10 mil 600 millones de euros (11 mil 550 millones de d\u00f3lares) para las personas y negocios afectados por las inundaciones.<\/p>\n\n\n\n<p>El Banco Europeo de Inversiones (BEI), presidido desde enero por la exministra espa\u00f1ola de Econom\u00eda Nadia Calvi\u00f1o, anunci\u00f3 el mi\u00e9rcoles una ayuda financiera de 900 millones de euros para contribuir a la reconstrucci\u00f3n de la regi\u00f3n.<\/p>\n\n\n\n<p>Valencia rechaza a los reyes<br>Los reyes de Espa\u00f1a, Felipe VI y la reina Letizia, fueron blanco de un ataque con lodo en Valencia, cuando un grupo de manifestantes les arroj\u00f3 lodo en se\u00f1al de protesta. El incidente ocurri\u00f3 mientras los monarcas participaban en un acto de apoyo a las v\u00edctimas de las recientes inundaciones que devastaron la regi\u00f3n y que dejaron m\u00e1s de doscientas personas fallecidas. La visita de los reyes a Valencia ten\u00eda como objetivo mostrar su solidaridad y supervisar los esfuerzos de reconstrucci\u00f3n en las \u00e1reas m\u00e1s afectadas.<\/p>\n\n\n\n<p>Durante el acto, un grupo de personas que protestaban por la gesti\u00f3n del gobierno en la crisis clim\u00e1tica comenz\u00f3 a lanzar lodo y tierra en direcci\u00f3n a los reyes, aludiendo al \u201cdesprecio\u201d de las autoridades hacia las medidas ambientales necesarias para prevenir desastres.<\/p>\n\n\n\n<p>Las protestas destacaban la falta de pol\u00edticas para mitigar los efectos del cambio clim\u00e1tico, situaci\u00f3n que ha intensificado el riesgo de fen\u00f3menos meteorol\u00f3gicos extremos en Espa\u00f1a y otras partes del mundo.<\/p>\n\n\n\n<p>La seguridad de los monarcas no se vio comprometida, ya que el personal de seguridad intervino r\u00e1pidamente, controlando la situaci\u00f3n. Aunque el acto continu\u00f3 sin mayores incidentes, el episodio ha generado debate en el pa\u00eds, subrayando la frustraci\u00f3n de algunos sectores sobre la gesti\u00f3n de crisis y la prevenci\u00f3n de desastres naturales.<\/p>\n\n\n\n<p>Este incidente resalta la creciente presi\u00f3n social hacia las autoridades para implementar medidas efectivas contra el cambio clim\u00e1tico.<\/p>\n","protected":false},"excerpt":{"rendered":"<p>Un nuevo balance de las autoridades de Espa\u00f1a aumenta a noventa y tres personas est\u00e1n desaparecidas tras las inundaciones que arrasaron el sureste de Valencia hace una semana, donde tuvo lugar la cat\u00e1strofe. La corte revis\u00f3 su balance al alza, despu\u00e9s de indicar el martes que 89 personas segu\u00edan desaparecidas por las intemperies, que dejaron [&hellip;]<\/p>\n","protected":false},"author":4,"featured_media":54659,"comment_status":"open","ping_status":"open","sticky":false,"template":"","format":"standard","meta":{"om_disable_all_campaigns":false,"_monsterinsights_skip_tracking":false,"_monsterinsights_sitenote_active":false,"_monsterinsights_sitenote_note":"","_monsterinsights_sitenote_category":0,"footnotes":""},"categories":[183],"tags":[],"class_list":["post-54658","post","type-post","status-publish","format-standard","has-post-thumbnail","hentry","category-internacional"],"amp_enabled":true,"_links":{"self":[{"href":"https:\/\/lahora.mx\/index.php\/wp-json\/wp\/v2\/posts\/54658","targetHints":{"allow":["GET"]}}],"collection":[{"href":"https:\/\/lahora.mx\/index.php\/wp-json\/wp\/v2\/posts"}],"about":[{"href":"https:\/\/lahora.mx\/index.php\/wp-json\/wp\/v2\/types\/post"}],"author":[{"embeddable":true,"href":"https:\/\/lahora.mx\/index.php\/wp-json\/wp\/v2\/users\/4"}],"replies":[{"embeddable":true,"href":"https:\/\/lahora.mx\/index.php\/wp-json\/wp\/v2\/comments?post=54658"}],"version-history":[{"count":1,"href":"https:\/\/lahora.mx\/index.php\/wp-json\/wp\/v2\/posts\/54658\/revisions"}],"predecessor-version":[{"id":54660,"href":"https:\/\/lahora.mx\/index.php\/wp-json\/wp\/v2\/posts\/54658\/revisions\/54660"}],"wp:featuredmedia":[{"embeddable":true,"href":"https:\/\/lahora.mx\/index.php\/wp-json\/wp\/v2\/media\/54659"}],"wp:attachment":[{"href":"https:\/\/lahora.mx\/index.php\/wp-json\/wp\/v2\/media?parent=54658"}],"wp:term":[{"taxonomy":"category","embeddable":true,"href":"https:\/\/lahora.mx\/index.php\/wp-json\/wp\/v2\/categories?post=54658"},{"taxonomy":"post_tag","embeddable":true,"href":"https:\/\/lahora.mx\/index.php\/wp-json\/wp\/v2\/tags?post=54658"}],"curies":[{"name":"wp","href":"https:\/\/api.w.org\/{rel}","templated":true}]}}