{"id":54621,"date":"2024-11-06T02:43:18","date_gmt":"2024-11-06T02:43:18","guid":{"rendered":"http:\/\/lahora.mx\/?p=54621"},"modified":"2024-11-06T02:43:18","modified_gmt":"2024-11-06T02:43:18","slug":"upaep-anuncia-primera-semana-de-las-ciencias-de-la-vida-y-la-salud","status":"publish","type":"post","link":"https:\/\/lahora.mx\/index.php\/2024\/11\/06\/upaep-anuncia-primera-semana-de-las-ciencias-de-la-vida-y-la-salud\/","title":{"rendered":"UPAEP anuncia Primera Semana de las Ciencias de la Vida y la Salud"},"content":{"rendered":"\n<p>La UPAEP celebrar\u00e1 la Primera Semana de las Ciencias de la Vida y la Salud del 19 al 22 de noviembre, un evento que reunir\u00e1 a estudiantes, investigadores y profesionales de distintas disciplinas para discutir los desaf\u00edos actuales y futuras soluciones en temas cr\u00edticos de salud global, biotecnolog\u00eda, sustentabilidad y agronegocios.<\/p>\n\n\n\n<p>Este evento, bajo el lema \u201cSalud global: desaf\u00edos, innovaciones y cooperaci\u00f3n\u201d, incluir\u00e1 una serie de congresos organizados por las facultades de Veterinaria, Agronegocios, Ingenier\u00eda Ambiental y Biotecnolog\u00eda.<\/p>\n\n\n\n<p>Luis Andr\u00e9s Cabrera Maule\u00f3n, profesor vinculador del Decanato de Ciencias de la Vida y la Salud de la UPAEP, destac\u00f3 que el evento representa el esfuerzo conjunto de docentes y estudiantes, quienes buscan \u201cintegrar los distintos congresos anuales bajo una misma visi\u00f3n de colaboraci\u00f3n y trabajo en equipo, donde la salud de los seres vivos y del medio ambiente sea abordada de manera integral\u201d.<\/p>\n\n\n\n<p>Mariel Meneses Torres, presidenta de la Mesa Directiva de Nutrici\u00f3n, se\u00f1al\u00f3 que el Noveno Congreso de Nutrici\u00f3n se enfocar\u00e1 en el tratamiento nutricional del paciente oncol\u00f3gico, desde la prevenci\u00f3n hasta el seguimiento pos-tratamiento. \u00abNo solo vamos a tocar la innovaci\u00f3n cient\u00edfica, sino tambi\u00e9n los aspectos culturales y psicol\u00f3gicos que influyen en la vida de los pacientes\u00bb, coment\u00f3 Meneses. Entre las actividades del congreso, se incluyen talleres, conferencias y una exposici\u00f3n de carteles. Este congreso busca sensibilizar tanto a profesionales de la salud como a la comunidad en general sobre la importancia de una alimentaci\u00f3n adaptada y humanizada para pacientes con c\u00e1ncer.<\/p>\n\n\n\n<p>Jimena Mart\u00ednez Ram\u00edrez, presidenta de la Mesa Directiva de Ingenier\u00eda en Biotecnolog\u00eda, present\u00f3 el Octavo Congreso de Biotecnolog\u00eda, que tendr\u00e1 como tema \u201cDe la Ciencia a la Aplicaci\u00f3n: La Biotecnolog\u00eda Transformando Vidas\u201d. Este evento contar\u00e1 con la presencia de destacados investigadores, como el Dr. Graciano Calva del Instituto Polit\u00e9cnico Nacional, quien abordar\u00e1 temas como los alimentos transg\u00e9nicos. \u00abNos acompa\u00f1ar\u00e1n expertos internacionales y realizaremos talleres en t\u00e9cnicas como PCR y biodise\u00f1o\u00bb, comparti\u00f3 Jimena Mart\u00ednez. La intenci\u00f3n del congreso es acercar a los asistentes a la biotecnolog\u00eda aplicada y mostrar c\u00f3mo esta disciplina impacta nuestra vida cotidiana.<\/p>\n\n\n\n<p>Paulina Garc\u00eda Ram\u00edrez, presidenta de la Mesa Directiva de Ingenier\u00eda en Agronom\u00eda, explic\u00f3 que el XIII Congreso Internacional de Agronegocios buscar\u00e1 brindar herramientas a los estudiantes y profesionales interesados en la gesti\u00f3n y producci\u00f3n agropecuaria. \u201cEste a\u00f1o nos enfocaremos en temas como el manejo agroecol\u00f3gico y la sostenibilidad en las producciones agropecuarias, con un enfoque en \u2018One Health\u2019 o \u2018Una Sola Salud\u2019\u201d, se\u00f1al\u00f3 Paulina Garc\u00eda. Con ponentes de pa\u00edses como Venezuela, Colombia y Espa\u00f1a, el congreso pretende fortalecer la conciencia sobre la necesidad de una agricultura responsable, que cuide tanto de los ecosistemas como de la salud humana.<\/p>\n\n\n\n<p>Cassanda Mendoza Votte, presidenta de la Mesa Directiva de MVZ, destac\u00f3 la importancia de la medicina veterinaria en la salud global, indicando que el Congreso de Veterinaria y Zootecnia estar\u00e1 enfocado en temas de bienestar animal y su v\u00ednculo con la salud ambiental. \u201cNuestra salud depende tambi\u00e9n de la salud animal, y para mantener un equilibrio en los ecosistemas debemos integrar la innovaci\u00f3n en nuestros m\u00e9todos de trabajo\u201d, explic\u00f3 Mendoza Votte, quien destac\u00f3 que en el congreso se abordar\u00e1n temas de sanidad animal y manejo sustentable.<\/p>\n\n\n\n<p>Natalia Silva Ram\u00edrez, presidenta de la Mesa Directiva de Ingenier\u00eda Ambiental y Desarrollo Sustentable, subray\u00f3 que el Congreso de Ingenier\u00eda Ambiental abordar\u00e1 temas como la gesti\u00f3n de residuos, el cambio clim\u00e1tico y el desarrollo de energ\u00edas renovables. \u201cNos interesa involucrar a todos los estudiantes y especialistas en una conversaci\u00f3n sobre los desaf\u00edos ambientales y las soluciones sustentables que pueden aplicarse en nuestro contexto\u201d, mencion\u00f3 Natalia Silva.<\/p>\n\n\n\n<p>Ana Karen Garate Herrera, presidenta de Qu\u00edmico Farmacobi\u00f3logo, y Alan Clerge Villanueva, presidente de la Mesa Directiva de Fisioterapia, comentaron sobre los enfoques de sus respectivas \u00e1reas. La qu\u00edmica y farmacia en el contexto de la salud humana se abordar\u00e1n desde el desarrollo de f\u00e1rmacos hasta la bioqu\u00edmica avanzada en el tratamiento de enfermedades. Mientras tanto, el \u00e1rea de fisioterapia ofrecer\u00e1 talleres sobre prevenci\u00f3n y rehabilitaci\u00f3n de lesiones comunes, esenciales para una buena calidad de vida.<\/p>\n\n\n\n<p>El evento est\u00e1 abierto a estudiantes, acad\u00e9micos y p\u00fablico interesado en temas de salud y sostenibilidad. Los interesados pueden registrarse en el micrositio oficial del evento, donde tambi\u00e9n encontrar\u00e1n el programa detallado y las modalidades de inscripci\u00f3n para los talleres y conferencias, denominado Primera Semana de las Ciencias de la Vida y la Salud del 19 al 22 de noviembre, en el Centro de Vinculaci\u00f3n de la UPAEP, 11 Poniente 2307.<\/p>\n","protected":false},"excerpt":{"rendered":"<p>La UPAEP celebrar\u00e1 la Primera Semana de las Ciencias de la Vida y la Salud del 19 al 22 de noviembre, un evento que reunir\u00e1 a estudiantes, investigadores y profesionales de distintas disciplinas para discutir los desaf\u00edos actuales y futuras soluciones en temas cr\u00edticos de salud global, biotecnolog\u00eda, sustentabilidad y agronegocios. Este evento, bajo el [&hellip;]<\/p>\n","protected":false},"author":4,"featured_media":54622,"comment_status":"open","ping_status":"open","sticky":false,"template":"","format":"standard","meta":{"om_disable_all_campaigns":false,"_monsterinsights_skip_tracking":false,"_monsterinsights_sitenote_active":false,"_monsterinsights_sitenote_note":"","_monsterinsights_sitenote_category":0,"footnotes":""},"categories":[175],"tags":[223],"class_list":["post-54621","post","type-post","status-publish","format-standard","has-post-thumbnail","hentry","category-local","tag-puebla"],"amp_enabled":true,"_links":{"self":[{"href":"https:\/\/lahora.mx\/index.php\/wp-json\/wp\/v2\/posts\/54621","targetHints":{"allow":["GET"]}}],"collection":[{"href":"https:\/\/lahora.mx\/index.php\/wp-json\/wp\/v2\/posts"}],"about":[{"href":"https:\/\/lahora.mx\/index.php\/wp-json\/wp\/v2\/types\/post"}],"author":[{"embeddable":true,"href":"https:\/\/lahora.mx\/index.php\/wp-json\/wp\/v2\/users\/4"}],"replies":[{"embeddable":true,"href":"https:\/\/lahora.mx\/index.php\/wp-json\/wp\/v2\/comments?post=54621"}],"version-history":[{"count":1,"href":"https:\/\/lahora.mx\/index.php\/wp-json\/wp\/v2\/posts\/54621\/revisions"}],"predecessor-version":[{"id":54623,"href":"https:\/\/lahora.mx\/index.php\/wp-json\/wp\/v2\/posts\/54621\/revisions\/54623"}],"wp:featuredmedia":[{"embeddable":true,"href":"https:\/\/lahora.mx\/index.php\/wp-json\/wp\/v2\/media\/54622"}],"wp:attachment":[{"href":"https:\/\/lahora.mx\/index.php\/wp-json\/wp\/v2\/media?parent=54621"}],"wp:term":[{"taxonomy":"category","embeddable":true,"href":"https:\/\/lahora.mx\/index.php\/wp-json\/wp\/v2\/categories?post=54621"},{"taxonomy":"post_tag","embeddable":true,"href":"https:\/\/lahora.mx\/index.php\/wp-json\/wp\/v2\/tags?post=54621"}],"curies":[{"name":"wp","href":"https:\/\/api.w.org\/{rel}","templated":true}]}}