{"id":54618,"date":"2024-11-06T02:41:54","date_gmt":"2024-11-06T02:41:54","guid":{"rendered":"http:\/\/lahora.mx\/?p=54618"},"modified":"2024-11-06T02:41:55","modified_gmt":"2024-11-06T02:41:55","slug":"perfilan-a-armentista-como-presidenta-de-la-cdh-puebla","status":"publish","type":"post","link":"https:\/\/lahora.mx\/index.php\/2024\/11\/06\/perfilan-a-armentista-como-presidenta-de-la-cdh-puebla\/","title":{"rendered":"Perfilan a armentista como presidenta de la CDH Puebla"},"content":{"rendered":"\n<p>Rosa Isela S\u00e1nchez Soya se encamina a ser la presidenta de la Comisi\u00f3n de Derechos Humanos del Estado de Puebla (CDH Puebla) para los pr\u00f3ximos cinco a\u00f1os, es una de las dos finalistas y por declaraciones de diputados, as\u00ed como por su presencia en la campa\u00f1a del pr\u00f3ximo gobernador, Alejandro Armenta, se espera que los 33 diputados de Morena aliados voten por ella.<\/p>\n\n\n\n<p>La sesi\u00f3n en el Congreso del estado ser\u00e1 a las 10:00 horas, la votaci\u00f3n por S\u00e1nchez Soya o por Marco Moreno Rosas est\u00e1 enlistado en el punto 4 de la orden del d\u00eda; los finalistas estar\u00e1n en el lugar para de inmediato rendir protesta y presentarse al d\u00eda siguiente en las instalaciones de la CDH Puebla.<\/p>\n\n\n\n<p>Este martes la diputada del PRI, Delfina Pozos Vergara, dijo que el proceso de designaci\u00f3n fue ama\u00f1ado por Morena debido a que Alejandro Armenta tiene como allegados a quienes buscan presidir la CDH Puebla.<\/p>\n\n\n\n<p>\u201cLa verdad es que dicen que es de acuerdo a la puntuaci\u00f3n, pero yo lo veo muy a modo\u2026 Entiendo que son perfiles afines al gobernador y bueno, eso lo vi en todas las comparecencias que se hicieron, donde realmente no fueron las mejores\u201d, dijo la priista el d\u00eda previo.<\/p>\n\n\n\n<p>Por su parte, la diputada de Movimiento Ciudadano, Fedrha Suriano, reconoci\u00f3 la cercan\u00eda de Rosa Isela con Alejandro Armenta, pero dijo que esto no quita el derecho de que puede ganar con su trabajo.<\/p>\n\n\n\n<p>\u201cSiendo cercana al gobernador electo no est\u00e1 impedida por ley, a\u00fan siendo amiga del propio gobernador; ella tendr\u00e1 que demostrar que los intereses que pueda tener con el gobernador son totalmente independientes\u201d, dijo.<\/p>\n\n\n\n<p>Rosa Isela acepta apoyo a Armenta<br>El d\u00eda de su presentaci\u00f3n en el Congreso del estado, Rosa Isela S\u00e1nchez reconoci\u00f3 que estuvo en diversos eventos de campa\u00f1a del gobernador electo Alejandro Armenta, pero lo hizo apoyando a su hija, Alexa Espidio, quien es diputada suplente de Grace Palomares.<\/p>\n\n\n\n<p>\u201cSi soy mam\u00e1 de Alexa Espidio, cada una tiene aspiraciones y es independiente a lo que yo hago (en campa\u00f1a se le vio con Alejandro Armenta), tengo una hija y aparec\u00eda porque obviamente las mam\u00e1s y quienes son padres pueden entender que el acompa\u00f1amiento es importante\u201d, inform\u00f3.<\/p>\n\n\n\n<p>La abogada en eventos de Armenta<br>Rosa Isela S\u00e1nchez fue vista en actos de campa\u00f1a de Alejandro Armenta, uno fue en el evento Expo Todas Por Puebla, que se realiz\u00f3 el 6 de marzo, cuando el hoy gobernador electo era coordinador de los Comit\u00e9s de Defensa de la Cuarta Transformaci\u00f3n en Puebla.<\/p>\n\n\n\n<p>Asimismo, Rosa Isela S\u00e1nchez se dej\u00f3 ver en el foro Inclusi\u00f3n Efectiva que encabez\u00f3 Alejandro Armenta en el Centro Liban\u00e9s el 27 de diciembre de 2023.<\/p>\n\n\n\n<p>CDH Puebla sigue vinculada de manera innegable al Ejecutivo: Armenta<br>Con este posible nombramiento el gobernador electo se estar\u00eda contradiciendo, ya que en su libro Por Amor a Puebla, en la p\u00e1gina 80, en el t\u00edtulo CDH Inexistente, se\u00f1ala que mientras la Comisi\u00f3n de Derechos Humanos siga vinculada con el Poder Ejecutivo esta no valdr\u00e1 nada.<\/p>\n\n\n\n<p>\u201cLa Comisi\u00f3n de Derechos Humanos del Estado de Puebla no vale de mucho, dado que sigue vinculada de manera innegable al Ejecutivo del estado. Su papel tendr\u00eda que ser primordial en la promoci\u00f3n y la protecci\u00f3n de los Derechos Humanos en el estado\u201d, dice en el libro.<\/p>\n\n\n\n<p>Adem\u00e1s, Armenta escribi\u00f3 que la oficina del Alto Comisionado de Naciones Unidas advirti\u00f3 la importancia de la independencia y autonom\u00eda de la Comisi\u00f3n Nacional de Derechos Humanos (ONU, 2023).<\/p>\n\n\n\n<p>\u201cLo mismo podr\u00eda decirse de las comisiones estatales en las distintas entidades federativas, pues sus v\u00ednculos con el Ejecutivo del Estado (Reforma, 2023) son constantemente denunciados y sus recomendaciones solo alcanzan un n\u00famero raqu\u00edtico (32)\u201d, redact\u00f3 en su momento el pr\u00f3ximo gobernador poblano.<\/p>\n","protected":false},"excerpt":{"rendered":"<p>Rosa Isela S\u00e1nchez Soya se encamina a ser la presidenta de la Comisi\u00f3n de Derechos Humanos del Estado de Puebla (CDH Puebla) para los pr\u00f3ximos cinco a\u00f1os, es una de las dos finalistas y por declaraciones de diputados, as\u00ed como por su presencia en la campa\u00f1a del pr\u00f3ximo gobernador, Alejandro Armenta, se espera que los [&hellip;]<\/p>\n","protected":false},"author":4,"featured_media":54619,"comment_status":"open","ping_status":"open","sticky":false,"template":"","format":"standard","meta":{"om_disable_all_campaigns":false,"_monsterinsights_skip_tracking":false,"_monsterinsights_sitenote_active":false,"_monsterinsights_sitenote_note":"","_monsterinsights_sitenote_category":0,"footnotes":""},"categories":[175],"tags":[128,223],"class_list":["post-54618","post","type-post","status-publish","format-standard","has-post-thumbnail","hentry","category-local","tag-politics","tag-puebla"],"amp_enabled":true,"_links":{"self":[{"href":"https:\/\/lahora.mx\/index.php\/wp-json\/wp\/v2\/posts\/54618","targetHints":{"allow":["GET"]}}],"collection":[{"href":"https:\/\/lahora.mx\/index.php\/wp-json\/wp\/v2\/posts"}],"about":[{"href":"https:\/\/lahora.mx\/index.php\/wp-json\/wp\/v2\/types\/post"}],"author":[{"embeddable":true,"href":"https:\/\/lahora.mx\/index.php\/wp-json\/wp\/v2\/users\/4"}],"replies":[{"embeddable":true,"href":"https:\/\/lahora.mx\/index.php\/wp-json\/wp\/v2\/comments?post=54618"}],"version-history":[{"count":1,"href":"https:\/\/lahora.mx\/index.php\/wp-json\/wp\/v2\/posts\/54618\/revisions"}],"predecessor-version":[{"id":54620,"href":"https:\/\/lahora.mx\/index.php\/wp-json\/wp\/v2\/posts\/54618\/revisions\/54620"}],"wp:featuredmedia":[{"embeddable":true,"href":"https:\/\/lahora.mx\/index.php\/wp-json\/wp\/v2\/media\/54619"}],"wp:attachment":[{"href":"https:\/\/lahora.mx\/index.php\/wp-json\/wp\/v2\/media?parent=54618"}],"wp:term":[{"taxonomy":"category","embeddable":true,"href":"https:\/\/lahora.mx\/index.php\/wp-json\/wp\/v2\/categories?post=54618"},{"taxonomy":"post_tag","embeddable":true,"href":"https:\/\/lahora.mx\/index.php\/wp-json\/wp\/v2\/tags?post=54618"}],"curies":[{"name":"wp","href":"https:\/\/api.w.org\/{rel}","templated":true}]}}