{"id":54554,"date":"2024-10-18T17:18:14","date_gmt":"2024-10-18T17:18:14","guid":{"rendered":"http:\/\/lahora.mx\/?p=54554"},"modified":"2024-11-04T17:20:07","modified_gmt":"2024-11-04T17:20:07","slug":"la-desinformacion-impacta-en-la-opinion-publica-lukas-mejia","status":"publish","type":"post","link":"https:\/\/lahora.mx\/index.php\/2024\/10\/18\/la-desinformacion-impacta-en-la-opinion-publica-lukas-mejia\/","title":{"rendered":"La desinformaci\u00f3n impacta en la opini\u00f3n p\u00fablica: Lukas Mej\u00eda"},"content":{"rendered":"\n<p>La desinformaci\u00f3n impacta a la opini\u00f3n p\u00fablica y afecta procesos electorales, sociales y medi\u00e1ticos a nivel global. Por cada 10 noticias generales que comuniquen hechos reales en el mundo, una de \u00e9stas influye en la percepci\u00f3n del lector en temas geopol\u00edticos, afirm\u00f3 Lukas Mej\u00eda, director del Centro de An\u00e1lisis de Amenazas de Microsoft (MTAC), quien imparti\u00f3 la conferencia \u201cMicrosoft: Combatiendo la Desinformaci\u00f3n en Am\u00e9rica Latina\u201d, ante estudiantes de preparatoria, licenciatura y de escuelas incorporadas a la BUAP.<\/p>\n\n\n\n<p>Para dar cuenta de lo anterior, en el auditorio del Complejo Cultural Universitario, Lukas Mej\u00eda ejemplific\u00f3 que RT M\u00e9xico -uno de los medios de comunicaci\u00f3n m\u00e1s influyentes en Tik Tok en el pa\u00eds-, edit\u00f3 el mensaje de las conferencias matutinas del expresidente Andr\u00e9s Manuel L\u00f3pez Obrador, para as\u00ed presentar situaciones falaces de su relaci\u00f3n con determinadas naciones.<\/p>\n\n\n\n<p>De igual manera, el ponente comparti\u00f3 con el alumnado de la M\u00e1xima Casa de Estudios en Puebla la necesidad de crear un equipo para combatir la desinformaci\u00f3n, un problema exacerbado por la tecnolog\u00eda y que trata de incapacitar a la sociedad actual.<\/p>\n\n\n\n<p>Durante el acto protocolario, Jos\u00e9 Ram\u00f3n Eguibar Cuenca, director General de Internacionalizaci\u00f3n de la BUAP, indic\u00f3 que la desinformaci\u00f3n es un tema vigente, de ah\u00ed la importancia de conocer m\u00e1s sobre herramientas computaciones, a trav\u00e9s de este tipo de conferencias.<\/p>\n\n\n\n<p>Por su parte, Roberto Quiroz, consejero de Asuntos Educativos y Culturales de la Embajada de Estados Unidos en M\u00e9xico, resalt\u00f3 la oportunidad de ampliar los intercambios acad\u00e9micos y culturales entre ambos pa\u00edses. \u201cEste es el inicio de una cooperaci\u00f3n exitosa con una instituci\u00f3n que demuestra excelencia acad\u00e9mica\u201d, expres\u00f3.<\/p>\n\n\n\n<p>En el pres\u00eddium tambi\u00e9n estuvieron Ricardo Valderrama Valdez, director de Administraci\u00f3n Escolar de la BUAP y Teresa Arredondo, coordinadora del Programa de Conferencias de la Embajada de Estados Unidos en M\u00e9xico.<\/p>\n\n\n\n<p><\/p>\n","protected":false},"excerpt":{"rendered":"<p>La desinformaci\u00f3n impacta a la opini\u00f3n p\u00fablica y afecta procesos electorales, sociales y medi\u00e1ticos a nivel global. Por cada 10 noticias generales que comuniquen hechos reales en el mundo, una de \u00e9stas influye en la percepci\u00f3n del lector en temas geopol\u00edticos, afirm\u00f3 Lukas Mej\u00eda, director del Centro de An\u00e1lisis de Amenazas de Microsoft (MTAC), quien [&hellip;]<\/p>\n","protected":false},"author":4,"featured_media":54555,"comment_status":"open","ping_status":"open","sticky":false,"template":"","format":"standard","meta":{"om_disable_all_campaigns":false,"_monsterinsights_skip_tracking":false,"_monsterinsights_sitenote_active":false,"_monsterinsights_sitenote_note":"","_monsterinsights_sitenote_category":0,"footnotes":""},"categories":[175],"tags":[186,223],"class_list":["post-54554","post","type-post","status-publish","format-standard","has-post-thumbnail","hentry","category-local","tag-buap","tag-puebla"],"amp_enabled":true,"_links":{"self":[{"href":"https:\/\/lahora.mx\/index.php\/wp-json\/wp\/v2\/posts\/54554","targetHints":{"allow":["GET"]}}],"collection":[{"href":"https:\/\/lahora.mx\/index.php\/wp-json\/wp\/v2\/posts"}],"about":[{"href":"https:\/\/lahora.mx\/index.php\/wp-json\/wp\/v2\/types\/post"}],"author":[{"embeddable":true,"href":"https:\/\/lahora.mx\/index.php\/wp-json\/wp\/v2\/users\/4"}],"replies":[{"embeddable":true,"href":"https:\/\/lahora.mx\/index.php\/wp-json\/wp\/v2\/comments?post=54554"}],"version-history":[{"count":1,"href":"https:\/\/lahora.mx\/index.php\/wp-json\/wp\/v2\/posts\/54554\/revisions"}],"predecessor-version":[{"id":54556,"href":"https:\/\/lahora.mx\/index.php\/wp-json\/wp\/v2\/posts\/54554\/revisions\/54556"}],"wp:featuredmedia":[{"embeddable":true,"href":"https:\/\/lahora.mx\/index.php\/wp-json\/wp\/v2\/media\/54555"}],"wp:attachment":[{"href":"https:\/\/lahora.mx\/index.php\/wp-json\/wp\/v2\/media?parent=54554"}],"wp:term":[{"taxonomy":"category","embeddable":true,"href":"https:\/\/lahora.mx\/index.php\/wp-json\/wp\/v2\/categories?post=54554"},{"taxonomy":"post_tag","embeddable":true,"href":"https:\/\/lahora.mx\/index.php\/wp-json\/wp\/v2\/tags?post=54554"}],"curies":[{"name":"wp","href":"https:\/\/api.w.org\/{rel}","templated":true}]}}