{"id":54509,"date":"2024-09-26T15:29:23","date_gmt":"2024-09-26T15:29:23","guid":{"rendered":"http:\/\/lahora.mx\/?p=54509"},"modified":"2024-11-04T15:32:14","modified_gmt":"2024-11-04T15:32:14","slug":"en-la-buap-se-aborda-el-impacto-de-la-ia-en-la-educacion-e-industria-editorial","status":"publish","type":"post","link":"https:\/\/lahora.mx\/index.php\/2024\/09\/26\/en-la-buap-se-aborda-el-impacto-de-la-ia-en-la-educacion-e-industria-editorial\/","title":{"rendered":"En la BUAP se aborda el impacto de la IA en la educaci\u00f3n e industria editorial"},"content":{"rendered":"\n<p>Para analizar el impacto y las aplicaciones de la tecnolog\u00eda en la investigaci\u00f3n y los servicios de informaci\u00f3n, la Direcci\u00f3n General de Bibliotecas y la empresa EBSCO llevaron a cabo el ciclo de conferencias \u201cExplorando la inteligencia artificial para la innovaci\u00f3n: Retos de la educaci\u00f3n y la industria editorial\u201d.<\/p>\n\n\n\n<p>En su inauguraci\u00f3n, la Rectora Mar\u00eda Lilia Cedillo Ram\u00edrez resalt\u00f3 la importancia de la actualizaci\u00f3n constante de las investigadoras e investigadores en temas cruciales que impactan a la educaci\u00f3n. \u201cAl conocer las bondades de la inteligencia artificial en la generaci\u00f3n de conocimiento y en el \u00e1mbito editorial seremos capaces de ir a la par de este desarrollo cient\u00edfico y tecnol\u00f3gico. Tenemos que aprender en paralelo al avance tecnol\u00f3gico, para no quedarnos rezagados\u201d.<\/p>\n\n\n\n<p>El director General de Bibliotecas, Alfredo Avenda\u00f1o Arenaza, coment\u00f3 que esta jornada fruct\u00edfera y enriquecedora cont\u00f3 con la participaci\u00f3n de expertos, quienes compartieron sus conocimientos, puntos de vista, experiencias y mejores pr\u00e1cticas de la IA en la educaci\u00f3n y la industria editorial. \u201cEstas presentaciones son de gran valor para todos nosotros y nos proporcionan nuevas perspectivas y herramientas para enfrentar los desaf\u00edos presentes y a futuro\u201d.<\/p>\n\n\n\n<p>Actualmente la inteligencia artificial revoluciona la manera de acceder, gestionar y compartir el conocimiento. Por ello, \u201cen la Direcci\u00f3n General de Bibliotecas estamos comprometidos con la adopci\u00f3n de tecnolog\u00edas innovadoras que mejoren nuestros servicios y apoyen la investigaci\u00f3n y la educaci\u00f3n\u201d, coment\u00f3.<\/p>\n\n\n\n<p>El director de ventas para Latinoam\u00e9rica y El Caribe de la empresa EBSCO, Alfredo Rivera Ibarra, agradeci\u00f3 la disposici\u00f3n de la BUAP para establecer esta sinergia y realizar el ciclo de conferencias, ya que la inteligencia artificial impacta en la educaci\u00f3n mediante la personalizaci\u00f3n del aprendizaje y evaluaciones autom\u00e1ticas, por ejemplo.<\/p>\n\n\n\n<p>M\u00e1s tarde, la directora de Innovaci\u00f3n y Tecnolog\u00edas de Aprendizaje de la Universidad del Valle de Guatemala, Ang\u00e9lica Gabriela Rocha Guevara, imparti\u00f3 la conferencia magistral \u201cInnovaci\u00f3n y tecnolog\u00eda: El impacto de la IA generativa en la transformaci\u00f3n del aprendizaje y la investigaci\u00f3n\u201d.<\/p>\n\n\n\n<p>En esta actividad acad\u00e9mica realizada en la planta baja de la Biblioteca Central Universitaria, en CU, tambi\u00e9n participaron Jes\u00fas Elizondo de la empresa EBSCO; Eduardo Cervantes, Library Sales Rep Latin America para Cambridge University Press; Karla Oliviera, Regional Sales Manager de IOP Publishing; Efr\u00e9n Ric\u00e1rdez Calder\u00f3n, gerente para Am\u00e9rica Latina y El Caribe de SAGE Publishing, entre otros ponentes.<\/p>\n\n\n\n<p><\/p>\n","protected":false},"excerpt":{"rendered":"<p>Para analizar el impacto y las aplicaciones de la tecnolog\u00eda en la investigaci\u00f3n y los servicios de informaci\u00f3n, la Direcci\u00f3n General de Bibliotecas y la empresa EBSCO llevaron a cabo el ciclo de conferencias \u201cExplorando la inteligencia artificial para la innovaci\u00f3n: Retos de la educaci\u00f3n y la industria editorial\u201d. En su inauguraci\u00f3n, la Rectora Mar\u00eda [&hellip;]<\/p>\n","protected":false},"author":4,"featured_media":54510,"comment_status":"open","ping_status":"open","sticky":false,"template":"","format":"standard","meta":{"om_disable_all_campaigns":false,"_monsterinsights_skip_tracking":false,"_monsterinsights_sitenote_active":false,"_monsterinsights_sitenote_note":"","_monsterinsights_sitenote_category":0,"footnotes":""},"categories":[175],"tags":[186,223],"class_list":["post-54509","post","type-post","status-publish","format-standard","has-post-thumbnail","hentry","category-local","tag-buap","tag-puebla"],"amp_enabled":true,"_links":{"self":[{"href":"https:\/\/lahora.mx\/index.php\/wp-json\/wp\/v2\/posts\/54509","targetHints":{"allow":["GET"]}}],"collection":[{"href":"https:\/\/lahora.mx\/index.php\/wp-json\/wp\/v2\/posts"}],"about":[{"href":"https:\/\/lahora.mx\/index.php\/wp-json\/wp\/v2\/types\/post"}],"author":[{"embeddable":true,"href":"https:\/\/lahora.mx\/index.php\/wp-json\/wp\/v2\/users\/4"}],"replies":[{"embeddable":true,"href":"https:\/\/lahora.mx\/index.php\/wp-json\/wp\/v2\/comments?post=54509"}],"version-history":[{"count":1,"href":"https:\/\/lahora.mx\/index.php\/wp-json\/wp\/v2\/posts\/54509\/revisions"}],"predecessor-version":[{"id":54511,"href":"https:\/\/lahora.mx\/index.php\/wp-json\/wp\/v2\/posts\/54509\/revisions\/54511"}],"wp:featuredmedia":[{"embeddable":true,"href":"https:\/\/lahora.mx\/index.php\/wp-json\/wp\/v2\/media\/54510"}],"wp:attachment":[{"href":"https:\/\/lahora.mx\/index.php\/wp-json\/wp\/v2\/media?parent=54509"}],"wp:term":[{"taxonomy":"category","embeddable":true,"href":"https:\/\/lahora.mx\/index.php\/wp-json\/wp\/v2\/categories?post=54509"},{"taxonomy":"post_tag","embeddable":true,"href":"https:\/\/lahora.mx\/index.php\/wp-json\/wp\/v2\/tags?post=54509"}],"curies":[{"name":"wp","href":"https:\/\/api.w.org\/{rel}","templated":true}]}}