{"id":54498,"date":"2024-11-02T03:05:23","date_gmt":"2024-11-02T03:05:23","guid":{"rendered":"http:\/\/lahora.mx\/?p=54498"},"modified":"2024-11-04T03:31:04","modified_gmt":"2024-11-04T03:31:04","slug":"cumplire-con-lo-que-prometi-a-los-tlaxcaltecas-hasta-finalizar-mi-mandato-menciona-la-gobernadora-lorena-cuellar","status":"publish","type":"post","link":"https:\/\/lahora.mx\/index.php\/2024\/11\/02\/cumplire-con-lo-que-prometi-a-los-tlaxcaltecas-hasta-finalizar-mi-mandato-menciona-la-gobernadora-lorena-cuellar\/","title":{"rendered":"Cumplir\u00e9 con lo que promet\u00ed a los tlaxcaltecas hasta finalizar mi mandato menciona la gobernadora Lorena Cu\u00e9llar"},"content":{"rendered":"\n<p>\u201cQuiero decirles que como gobernadora tengo un gran compromiso con Tlaxcala, voy a la mitad del camino cumpliendo lo que promet\u00ed a los tlaxcaltecas hasta el final de mi mandato\u201d, expres\u00f3 la gobernadora Lorena Cu\u00e9llar Cisneros, ante un trascendido de asumir una posici\u00f3n en el Gobierno Federal.<\/p>\n\n\n\n<p><\/p>\n\n\n\n<p>En entrevista, Lorena Cu\u00e9llar Cisneros neg\u00f3 categ\u00f3ricamente que exista la propuesta de sumarse a la administraci\u00f3n de la presidenta de M\u00e9xico, Claudia Sheinbaum Pardo.<br>Sostuvo que esas versiones son generadas \u201cpor alguien que no tiene nada que hacer\u201d, por ello, ante la pregunta expresa de una posible sucesi\u00f3n adelantada, la mandataria estatal reafirm\u00f3 su compromiso con los tlaxcaltecas.<\/p>\n\n\n\n<p>La titular del Ejecutivo se\u00f1al\u00f3 que tiene claras las obras de su gobierno y las acciones que siguen, que dar\u00e1 a conocer en su informe de gobierno que presentar\u00e1 los d\u00edas 6 y 7 de diciembre en el que indicar\u00e1 proyectos espec\u00edficos.<\/p>\n\n\n\n<p>\u201cNo quisiera adelantarme, trabaje con cada uno de los secretarios en el presupuesto para hacer ahorros significativos, pensando mucho en bienestar que es muy importante para mi y todos los temas en los que estamos concentrados\u201d, enfatiz\u00f3.<br>Adem\u00e1s, coment\u00f3 que ha emprendido di\u00e1logo directo con los 60 presidentes municipales para conocer las problem\u00e1ticas que aquejan a sus demarcaciones, con el objetivo de establecer acciones conjuntas, basados en sus expedientes t\u00e9cnicos y propuestas de apoyo.<\/p>\n\n\n\n<p><br>Respecto a \u201cTlaxcala, la Feria de Ferias 2024\u201d, inform\u00f3 que a la fecha tienen saldo blanco, al detallar que en el primer d\u00eda llegaron 30 mil visitantes y eso ha sido una constante, adem\u00e1s de que los espacios han sido ampliados.<\/p>\n\n\n\n<p>Con relaci\u00f3n a los reportes surgidos por el costo de los estacionamientos, en los que han reportado cobros 150 pesos, coment\u00f3 que eval\u00faa una propuesta para resolver todas las problem\u00e1ticas de la feria que son externas al patronato.<\/p>\n","protected":false},"excerpt":{"rendered":"<p>\u201cQuiero decirles que como gobernadora tengo un gran compromiso con Tlaxcala, voy a la mitad del camino cumpliendo lo que promet\u00ed a los tlaxcaltecas hasta el final de mi mandato\u201d, expres\u00f3 la gobernadora Lorena Cu\u00e9llar Cisneros, ante un trascendido de asumir una posici\u00f3n en el Gobierno Federal. En entrevista, Lorena Cu\u00e9llar Cisneros neg\u00f3 categ\u00f3ricamente que [&hellip;]<\/p>\n","protected":false},"author":4,"featured_media":54499,"comment_status":"open","ping_status":"open","sticky":false,"template":"","format":"standard","meta":{"om_disable_all_campaigns":false,"_monsterinsights_skip_tracking":false,"_monsterinsights_sitenote_active":false,"_monsterinsights_sitenote_note":"","_monsterinsights_sitenote_category":0,"footnotes":""},"categories":[175],"tags":[223,210],"class_list":["post-54498","post","type-post","status-publish","format-standard","has-post-thumbnail","hentry","category-local","tag-puebla","tag-tlaxcala"],"amp_enabled":true,"_links":{"self":[{"href":"https:\/\/lahora.mx\/index.php\/wp-json\/wp\/v2\/posts\/54498","targetHints":{"allow":["GET"]}}],"collection":[{"href":"https:\/\/lahora.mx\/index.php\/wp-json\/wp\/v2\/posts"}],"about":[{"href":"https:\/\/lahora.mx\/index.php\/wp-json\/wp\/v2\/types\/post"}],"author":[{"embeddable":true,"href":"https:\/\/lahora.mx\/index.php\/wp-json\/wp\/v2\/users\/4"}],"replies":[{"embeddable":true,"href":"https:\/\/lahora.mx\/index.php\/wp-json\/wp\/v2\/comments?post=54498"}],"version-history":[{"count":2,"href":"https:\/\/lahora.mx\/index.php\/wp-json\/wp\/v2\/posts\/54498\/revisions"}],"predecessor-version":[{"id":54501,"href":"https:\/\/lahora.mx\/index.php\/wp-json\/wp\/v2\/posts\/54498\/revisions\/54501"}],"wp:featuredmedia":[{"embeddable":true,"href":"https:\/\/lahora.mx\/index.php\/wp-json\/wp\/v2\/media\/54499"}],"wp:attachment":[{"href":"https:\/\/lahora.mx\/index.php\/wp-json\/wp\/v2\/media?parent=54498"}],"wp:term":[{"taxonomy":"category","embeddable":true,"href":"https:\/\/lahora.mx\/index.php\/wp-json\/wp\/v2\/categories?post=54498"},{"taxonomy":"post_tag","embeddable":true,"href":"https:\/\/lahora.mx\/index.php\/wp-json\/wp\/v2\/tags?post=54498"}],"curies":[{"name":"wp","href":"https:\/\/api.w.org\/{rel}","templated":true}]}}