{"id":54458,"date":"2024-11-03T17:23:30","date_gmt":"2024-11-03T17:23:30","guid":{"rendered":"http:\/\/lahora.mx\/?p=54458"},"modified":"2024-11-03T17:23:30","modified_gmt":"2024-11-03T17:23:30","slug":"balacera-en-inmediaciones-de-plaza-cristal-deja-un-muerto","status":"publish","type":"post","link":"https:\/\/lahora.mx\/index.php\/2024\/11\/03\/balacera-en-inmediaciones-de-plaza-cristal-deja-un-muerto\/","title":{"rendered":"Balacera en inmediaciones de Plaza Cristal deja un muerto"},"content":{"rendered":"\n<p>Una persecuci\u00f3n m\u00e1s ocurri\u00f3 en la ciudad de Puebla; los hechos sucedieron en inmediaciones de Plaza Cristal, donde un hombre que hu\u00eda a bordo de su autom\u00f3vil color blanco, de unos sujetos en motocicleta, muri\u00f3 en su unidad luego de ser atacado a balazos.<\/p>\n\n\n\n<p>Aunque en los reportes iniciales se indic\u00f3 que la v\u00edctima habr\u00eda sobrevivido al ataque, fuentes informaron a e-consulta que el sujeto muri\u00f3 debido a los m\u00e1s de cinco balazos que recibi\u00f3 al momento que hu\u00eda de los sicarios.<\/p>\n\n\n\n<p>Todo sucedi\u00f3 por la madrugada de hoy en Circuito Juan Pablo II y calle 5B Sur de la colonia Gabriel Pastor 2da Secci\u00f3n (cerca de Plaza Cristal), cuando los vecinos reportaron detonaciones por arma de fuego.<\/p>\n\n\n\n<p>Posteriormente, otro reporte ingres\u00f3 al 911, en donde se indic\u00f3 que justo en la zona donde se escucharon los balazos estaba un auto color blanco con placas de Tlaxcala, el cual choc\u00f3 contra un \u00e1rbol del camell\u00f3n de la vialidad.<\/p>\n\n\n\n<p>Al sitio se movilizaron elementos de la Polic\u00eda Municipal de Puebla y param\u00e9dicos de SUMA, quienes encontraron que la unidad que choc\u00f3 ten\u00eda en los cristales seis disparos, en su interior el conductor herido de bala permanec\u00eda inconsciente y tambi\u00e9n golpeado por el impacto.<\/p>\n\n\n\n<p>Pese a que los m\u00e9dicos intentaron reanimar al sujeto, el hombre falleci\u00f3 debido a los balazos que recibi\u00f3, aunado al choque, pues si sufri\u00f3 dicho accidente fue por perder el control al ser alcanzado por las detonaciones.<\/p>\n\n\n\n<p>Presuntos homicidas viajaban en una motoneta blanca<\/p>\n\n\n\n<p>De acuerdo con testigos, los responsables del ataque fueron dos sujetos a bordo de una motoneta color blanco marca Honda, los cuales ven\u00edan persiguiendo al veh\u00edculo blanco donde viajaba la v\u00edctima.<\/p>\n\n\n\n<p>Tras dispararle en repetidas ocasiones, los sicarios huyeron con direcci\u00f3n a la preparatoria Benito Ju\u00e1rez.<\/p>\n\n\n\n<p>Hasta el momento, se desconoce el motivo del ataque. as\u00ed como la identidad de la v\u00edctima.<\/p>\n","protected":false},"excerpt":{"rendered":"<p>Una persecuci\u00f3n m\u00e1s ocurri\u00f3 en la ciudad de Puebla; los hechos sucedieron en inmediaciones de Plaza Cristal, donde un hombre que hu\u00eda a bordo de su autom\u00f3vil color blanco, de unos sujetos en motocicleta, muri\u00f3 en su unidad luego de ser atacado a balazos. Aunque en los reportes iniciales se indic\u00f3 que la v\u00edctima habr\u00eda [&hellip;]<\/p>\n","protected":false},"author":4,"featured_media":54459,"comment_status":"open","ping_status":"open","sticky":false,"template":"","format":"standard","meta":{"om_disable_all_campaigns":false,"_monsterinsights_skip_tracking":false,"_monsterinsights_sitenote_active":false,"_monsterinsights_sitenote_note":"","_monsterinsights_sitenote_category":0,"footnotes":""},"categories":[175,226],"tags":[223],"class_list":["post-54458","post","type-post","status-publish","format-standard","has-post-thumbnail","hentry","category-local","category-policia","tag-puebla"],"amp_enabled":true,"_links":{"self":[{"href":"https:\/\/lahora.mx\/index.php\/wp-json\/wp\/v2\/posts\/54458","targetHints":{"allow":["GET"]}}],"collection":[{"href":"https:\/\/lahora.mx\/index.php\/wp-json\/wp\/v2\/posts"}],"about":[{"href":"https:\/\/lahora.mx\/index.php\/wp-json\/wp\/v2\/types\/post"}],"author":[{"embeddable":true,"href":"https:\/\/lahora.mx\/index.php\/wp-json\/wp\/v2\/users\/4"}],"replies":[{"embeddable":true,"href":"https:\/\/lahora.mx\/index.php\/wp-json\/wp\/v2\/comments?post=54458"}],"version-history":[{"count":1,"href":"https:\/\/lahora.mx\/index.php\/wp-json\/wp\/v2\/posts\/54458\/revisions"}],"predecessor-version":[{"id":54460,"href":"https:\/\/lahora.mx\/index.php\/wp-json\/wp\/v2\/posts\/54458\/revisions\/54460"}],"wp:featuredmedia":[{"embeddable":true,"href":"https:\/\/lahora.mx\/index.php\/wp-json\/wp\/v2\/media\/54459"}],"wp:attachment":[{"href":"https:\/\/lahora.mx\/index.php\/wp-json\/wp\/v2\/media?parent=54458"}],"wp:term":[{"taxonomy":"category","embeddable":true,"href":"https:\/\/lahora.mx\/index.php\/wp-json\/wp\/v2\/categories?post=54458"},{"taxonomy":"post_tag","embeddable":true,"href":"https:\/\/lahora.mx\/index.php\/wp-json\/wp\/v2\/tags?post=54458"}],"curies":[{"name":"wp","href":"https:\/\/api.w.org\/{rel}","templated":true}]}}