{"id":54452,"date":"2024-11-03T16:52:40","date_gmt":"2024-11-03T16:52:40","guid":{"rendered":"http:\/\/lahora.mx\/?p=54452"},"modified":"2024-11-03T16:54:38","modified_gmt":"2024-11-03T16:54:38","slug":"dejan-encerradas-a-40-personas-en-panteon-de-tecamachalco","status":"publish","type":"post","link":"https:\/\/lahora.mx\/index.php\/2024\/11\/03\/dejan-encerradas-a-40-personas-en-panteon-de-tecamachalco\/","title":{"rendered":"Dejan encerradas a 40 personas en pante\u00f3n de Tecamachalco"},"content":{"rendered":"\n<p>40 personas quedaron encerradas dentro del pante\u00f3n San Felipe, en el municipio de Tecamachalco, la noche de este s\u00e1bado 2 de noviembre, mientras participaban en la tradicional Calenda; tuvieron que ser rescatadas por personal de Protecci\u00f3n Civil.<\/p>\n\n\n\n<p>Este incidente ocurri\u00f3 luego de que el encargado del recinto cerrara las puertas sin verificar que todos los visitantes hubieran salido. Tambi\u00e9n se report\u00f3 que 10 personas m\u00e1s, quedaron atrapadas dentro del pante\u00f3n San \u00c1ngel; situaci\u00f3n que fue reportada a trav\u00e9s de redes sociales, por los mismos afectados.<\/p>\n\n\n\n<p>A pesar de que las denuncias precisaban que fue en ambos panteones en donde los visitantes hab\u00edan quedado atrapados, el Ayuntamiento de Tecamachalco, solo inform\u00f3, oficialmente, de las personas que quedaron en el pante\u00f3n de San Felipe. 40 personas quedaron encerradas dentro del pante\u00f3n San Felipe, en el municipio de Tecamachalco, la noche de este s\u00e1bado 2 de noviembre, mientras participaban en la tradicional Calenda; tuvieron que ser rescatadas por personal de Protecci\u00f3n Civil.<\/p>\n\n\n\n<p>Este incidente ocurri\u00f3 luego de que el encargado del recinto cerrara las puertas sin verificar que todos los visitantes hubieran salido. Tambi\u00e9n se report\u00f3 que 10 personas m\u00e1s, quedaron atrapadas dentro del pante\u00f3n San \u00c1ngel; situaci\u00f3n que fue reportada a trav\u00e9s de redes sociales, por los mismos afectados.<\/p>\n\n\n\n<p>A pesar de que las denuncias precisaban que fue en ambos panteones en donde los visitantes hab\u00edan quedado atrapados, el Ayuntamiento de Tecamachalco, solo inform\u00f3, oficialmente, de las personas que quedaron en el pante\u00f3n de San Felipe.<\/p>\n\n\n\n<p>Fue a trav\u00e9s de las redes sociales, que la noticia cobr\u00f3 fuerza, debido a que los visitantes al camposanto alertaban que no hab\u00edan logrado salir antes de que cerraran el lugar. Por lo que la brigada de emergencia de Protecci\u00f3n Civil, activ\u00f3 un protocolo para asistirlos.<\/p>\n\n\n\n<p>El contratiempo sucedi\u00f3 durante las actividades de la \u201cCalenda\u201d, la tradicional procesi\u00f3n que se vive a\u00f1o con a\u00f1o en las calles de Tecamachalco durante las fiestas de Todos Santos, que los participantes que previamente hab\u00edan caminado por las principales calles del municipio, terminaron el recorrido en el mausoleo, cuando se vieron sorprendidos con el encierro.<\/p>\n\n\n\n<p>A trav\u00e9s de su p\u00e1gina de Facebook, el Ayuntamiento de Tecamachalco exhort\u00f3 a la ciudadan\u00eda a respetar los horarios y los usos del camposanto.<\/p>\n","protected":false},"excerpt":{"rendered":"<p>40 personas quedaron encerradas dentro del pante\u00f3n San Felipe, en el municipio de Tecamachalco, la noche de este s\u00e1bado 2 de noviembre, mientras participaban en la tradicional Calenda; tuvieron que ser rescatadas por personal de Protecci\u00f3n Civil. Este incidente ocurri\u00f3 luego de que el encargado del recinto cerrara las puertas sin verificar que todos los [&hellip;]<\/p>\n","protected":false},"author":4,"featured_media":54453,"comment_status":"open","ping_status":"open","sticky":false,"template":"","format":"standard","meta":{"om_disable_all_campaigns":false,"_monsterinsights_skip_tracking":false,"_monsterinsights_sitenote_active":false,"_monsterinsights_sitenote_note":"","_monsterinsights_sitenote_category":0,"footnotes":""},"categories":[175],"tags":[],"class_list":["post-54452","post","type-post","status-publish","format-standard","has-post-thumbnail","hentry","category-local"],"amp_enabled":true,"_links":{"self":[{"href":"https:\/\/lahora.mx\/index.php\/wp-json\/wp\/v2\/posts\/54452","targetHints":{"allow":["GET"]}}],"collection":[{"href":"https:\/\/lahora.mx\/index.php\/wp-json\/wp\/v2\/posts"}],"about":[{"href":"https:\/\/lahora.mx\/index.php\/wp-json\/wp\/v2\/types\/post"}],"author":[{"embeddable":true,"href":"https:\/\/lahora.mx\/index.php\/wp-json\/wp\/v2\/users\/4"}],"replies":[{"embeddable":true,"href":"https:\/\/lahora.mx\/index.php\/wp-json\/wp\/v2\/comments?post=54452"}],"version-history":[{"count":1,"href":"https:\/\/lahora.mx\/index.php\/wp-json\/wp\/v2\/posts\/54452\/revisions"}],"predecessor-version":[{"id":54454,"href":"https:\/\/lahora.mx\/index.php\/wp-json\/wp\/v2\/posts\/54452\/revisions\/54454"}],"wp:featuredmedia":[{"embeddable":true,"href":"https:\/\/lahora.mx\/index.php\/wp-json\/wp\/v2\/media\/54453"}],"wp:attachment":[{"href":"https:\/\/lahora.mx\/index.php\/wp-json\/wp\/v2\/media?parent=54452"}],"wp:term":[{"taxonomy":"category","embeddable":true,"href":"https:\/\/lahora.mx\/index.php\/wp-json\/wp\/v2\/categories?post=54452"},{"taxonomy":"post_tag","embeddable":true,"href":"https:\/\/lahora.mx\/index.php\/wp-json\/wp\/v2\/tags?post=54452"}],"curies":[{"name":"wp","href":"https:\/\/api.w.org\/{rel}","templated":true}]}}