{"id":54446,"date":"2024-11-02T01:21:31","date_gmt":"2024-11-02T01:21:31","guid":{"rendered":"http:\/\/lahora.mx\/?p=54446"},"modified":"2024-11-02T01:21:31","modified_gmt":"2024-11-02T01:21:31","slug":"seis-vehiculos-sepultados-tras-deslave-en-la-puebla-orizaba","status":"publish","type":"post","link":"https:\/\/lahora.mx\/index.php\/2024\/11\/02\/seis-vehiculos-sepultados-tras-deslave-en-la-puebla-orizaba\/","title":{"rendered":"Seis veh\u00edculos sepultados tras deslave en la Puebla-Orizaba"},"content":{"rendered":"\n<p>Caminos y Puentes Federales (CAPUFE) inform\u00f3 que seis veh\u00edculos, incluidos cuatro tractocamiones y dos autom\u00f3viles particulares, quedaron sepultados debido al deslizamiento de tierra en el kil\u00f3metro 230 de la autopista Puebla-Orizaba, en el tramo Acatzingo-Ciudad Mendoza. Hasta el momento, no se reportan p\u00e9rdidas humanas.<\/p>\n\n\n\n<p><br>El incidente, ocurrido durante la madrugada del s\u00e1bado 26 de octubre, oblig\u00f3 a las autoridades a cerrar la circulaci\u00f3n en este tramo y a declarar una emergencia t\u00e9cnica debido a la gran cantidad de tierra y rocas que se desplazaron sobre la carretera. Esta situaci\u00f3n ha generado severas afectaciones viales en la regi\u00f3n, ya que la autopista permanece bloqueada desde entonces.<\/p>\n\n\n\n<p>Kil\u00f3metro 230 de la autopista Puebla-Orizaba, en el tramo Acatzingo-Ciudad Mendoza (Especial)<br>CAPUFE, en coordinaci\u00f3n con la Secretar\u00eda de Infraestructura, Comunicaciones y Transportes y la Guardia Nacional, ha implementado una desviaci\u00f3n de 15 kil\u00f3metros en el sentido Puebla-Veracruz, con circulaci\u00f3n en un solo carril por sentido y un tiempo estimado de recorrido de 35 minutos. Se recomienda a los automovilistas prever tiempos adicionales y seguir las indicaciones de las autoridades en la zona.<\/p>\n","protected":false},"excerpt":{"rendered":"<p>Caminos y Puentes Federales (CAPUFE) inform\u00f3 que seis veh\u00edculos, incluidos cuatro tractocamiones y dos autom\u00f3viles particulares, quedaron sepultados debido al deslizamiento de tierra en el kil\u00f3metro 230 de la autopista Puebla-Orizaba, en el tramo Acatzingo-Ciudad Mendoza. Hasta el momento, no se reportan p\u00e9rdidas humanas. El incidente, ocurrido durante la madrugada del s\u00e1bado 26 de octubre, [&hellip;]<\/p>\n","protected":false},"author":4,"featured_media":54447,"comment_status":"open","ping_status":"open","sticky":false,"template":"","format":"standard","meta":{"om_disable_all_campaigns":false,"_monsterinsights_skip_tracking":false,"_monsterinsights_sitenote_active":false,"_monsterinsights_sitenote_note":"","_monsterinsights_sitenote_category":0,"footnotes":""},"categories":[175],"tags":[195],"class_list":["post-54446","post","type-post","status-publish","format-standard","has-post-thumbnail","hentry","category-local","tag-principal"],"amp_enabled":true,"_links":{"self":[{"href":"https:\/\/lahora.mx\/index.php\/wp-json\/wp\/v2\/posts\/54446","targetHints":{"allow":["GET"]}}],"collection":[{"href":"https:\/\/lahora.mx\/index.php\/wp-json\/wp\/v2\/posts"}],"about":[{"href":"https:\/\/lahora.mx\/index.php\/wp-json\/wp\/v2\/types\/post"}],"author":[{"embeddable":true,"href":"https:\/\/lahora.mx\/index.php\/wp-json\/wp\/v2\/users\/4"}],"replies":[{"embeddable":true,"href":"https:\/\/lahora.mx\/index.php\/wp-json\/wp\/v2\/comments?post=54446"}],"version-history":[{"count":1,"href":"https:\/\/lahora.mx\/index.php\/wp-json\/wp\/v2\/posts\/54446\/revisions"}],"predecessor-version":[{"id":54448,"href":"https:\/\/lahora.mx\/index.php\/wp-json\/wp\/v2\/posts\/54446\/revisions\/54448"}],"wp:featuredmedia":[{"embeddable":true,"href":"https:\/\/lahora.mx\/index.php\/wp-json\/wp\/v2\/media\/54447"}],"wp:attachment":[{"href":"https:\/\/lahora.mx\/index.php\/wp-json\/wp\/v2\/media?parent=54446"}],"wp:term":[{"taxonomy":"category","embeddable":true,"href":"https:\/\/lahora.mx\/index.php\/wp-json\/wp\/v2\/categories?post=54446"},{"taxonomy":"post_tag","embeddable":true,"href":"https:\/\/lahora.mx\/index.php\/wp-json\/wp\/v2\/tags?post=54446"}],"curies":[{"name":"wp","href":"https:\/\/api.w.org\/{rel}","templated":true}]}}