{"id":54443,"date":"2024-11-02T01:16:11","date_gmt":"2024-11-02T01:16:11","guid":{"rendered":"http:\/\/lahora.mx\/?p=54443"},"modified":"2024-11-02T01:16:11","modified_gmt":"2024-11-02T01:16:11","slug":"el-gobernador-sergio-salomon-llama-a-la-calma-y-dialogo-en-chignahuapan-tras-nulidad-de-eleccion","status":"publish","type":"post","link":"https:\/\/lahora.mx\/index.php\/2024\/11\/02\/el-gobernador-sergio-salomon-llama-a-la-calma-y-dialogo-en-chignahuapan-tras-nulidad-de-eleccion\/","title":{"rendered":"El gobernador Sergio Salom\u00f3n llama a la calma y di\u00e1logo en Chignahuapan tras nulidad de elecci\u00f3n"},"content":{"rendered":"\n<p>Despu\u00e9s de la tensi\u00f3n que se vivi\u00f3 por pobladores del municipio de Chignahuapan debido al fallo emitido por TEPJF, el gobernador de Puebla, Sergio Salom\u00f3n C\u00e9spedes Peregrina, hizo un llamado a la calma y al di\u00e1logo entre habitantes y destac\u00f3 el caso contrario de Venustiano Carranza.<\/p>\n\n\n\n<p>El mandatario pidi\u00f3 a los habitantes \u201cescuchar razones\u201d y comprender el alcance t\u00e9cnico de la decisi\u00f3n emitida por las autoridades electorales.<\/p>\n\n\n\n<p>C\u00e9spedes Peregrina reiter\u00f3 el compromiso de su administraci\u00f3n con el respeto a la libre manifestaci\u00f3n.<\/p>\n\n\n\n<p>\u201cSomos respetuosos de la libre manifestaci\u00f3n, les pedimos que puedan escuchar razones, que se pueda entender lo t\u00e9cnico desde el fallo que da la autoridad electoral y que nosotros como gobierno del Estado, somos respetuosos\u201d.<\/p>\n\n\n\n<p>El gobernador mencion\u00f3 que, en contraste, en el municipio de Venustiano Carranza se han alcanzado acuerdos pac\u00edficos.<\/p>\n\n\n\n<p>Luego de varias reuniones entre las partes involucradas, lo que ha permitido restablecer la calma.<\/p>\n\n\n\n<p>\u201cSe han tenido reuniones en Venustiano Carranza, existe tranquilidad y se est\u00e1n llegando a acuerdos y esperemos que Chignahuapan sea as\u00ed durante el d\u00eda de hoy\u201d.<\/p>\n\n\n\n<p>Por ello, pidi\u00f3 que en Chignahuapan se puedan generar las mismas condiciones de seguridad y tranquilidad entre la poblaci\u00f3n.<\/p>\n","protected":false},"excerpt":{"rendered":"<p>Despu\u00e9s de la tensi\u00f3n que se vivi\u00f3 por pobladores del municipio de Chignahuapan debido al fallo emitido por TEPJF, el gobernador de Puebla, Sergio Salom\u00f3n C\u00e9spedes Peregrina, hizo un llamado a la calma y al di\u00e1logo entre habitantes y destac\u00f3 el caso contrario de Venustiano Carranza. El mandatario pidi\u00f3 a los habitantes \u201cescuchar razones\u201d y [&hellip;]<\/p>\n","protected":false},"author":4,"featured_media":54444,"comment_status":"open","ping_status":"open","sticky":false,"template":"","format":"standard","meta":{"om_disable_all_campaigns":false,"_monsterinsights_skip_tracking":false,"_monsterinsights_sitenote_active":false,"_monsterinsights_sitenote_note":"","_monsterinsights_sitenote_category":0,"footnotes":""},"categories":[175],"tags":[239,195,223],"class_list":["post-54443","post","type-post","status-publish","format-standard","has-post-thumbnail","hentry","category-local","tag-gobierno","tag-principal","tag-puebla"],"amp_enabled":true,"_links":{"self":[{"href":"https:\/\/lahora.mx\/index.php\/wp-json\/wp\/v2\/posts\/54443","targetHints":{"allow":["GET"]}}],"collection":[{"href":"https:\/\/lahora.mx\/index.php\/wp-json\/wp\/v2\/posts"}],"about":[{"href":"https:\/\/lahora.mx\/index.php\/wp-json\/wp\/v2\/types\/post"}],"author":[{"embeddable":true,"href":"https:\/\/lahora.mx\/index.php\/wp-json\/wp\/v2\/users\/4"}],"replies":[{"embeddable":true,"href":"https:\/\/lahora.mx\/index.php\/wp-json\/wp\/v2\/comments?post=54443"}],"version-history":[{"count":1,"href":"https:\/\/lahora.mx\/index.php\/wp-json\/wp\/v2\/posts\/54443\/revisions"}],"predecessor-version":[{"id":54445,"href":"https:\/\/lahora.mx\/index.php\/wp-json\/wp\/v2\/posts\/54443\/revisions\/54445"}],"wp:featuredmedia":[{"embeddable":true,"href":"https:\/\/lahora.mx\/index.php\/wp-json\/wp\/v2\/media\/54444"}],"wp:attachment":[{"href":"https:\/\/lahora.mx\/index.php\/wp-json\/wp\/v2\/media?parent=54443"}],"wp:term":[{"taxonomy":"category","embeddable":true,"href":"https:\/\/lahora.mx\/index.php\/wp-json\/wp\/v2\/categories?post=54443"},{"taxonomy":"post_tag","embeddable":true,"href":"https:\/\/lahora.mx\/index.php\/wp-json\/wp\/v2\/tags?post=54443"}],"curies":[{"name":"wp","href":"https:\/\/api.w.org\/{rel}","templated":true}]}}