{"id":54438,"date":"2024-11-02T01:06:11","date_gmt":"2024-11-02T01:06:11","guid":{"rendered":"http:\/\/lahora.mx\/?p=54438"},"modified":"2024-11-02T01:12:02","modified_gmt":"2024-11-02T01:12:02","slug":"ruta-del-corredor-de-ofrendas-puebla-2024","status":"publish","type":"post","link":"https:\/\/lahora.mx\/index.php\/2024\/11\/02\/ruta-del-corredor-de-ofrendas-puebla-2024\/","title":{"rendered":"RUTA del Corredor de Ofrendas Puebla 2024"},"content":{"rendered":"\n<p>El Centro de Puebla se engalan\u00f3 esta fecha de celebraci\u00f3n del D\u00eda de Muertos con su tradicional Corredor de Ofrendas, sorprendiendo as\u00ed al p\u00fablico con los altares m\u00e1s bellos dedicados a diversas figuras destacables de la historia, artes y cultura popular.<\/p>\n\n\n\n<p>A continuaci\u00f3n te decimos d\u00f3nde y en qu\u00e9 horarios visitar cada uno de los altares preparados en este Corredor de Ofrendas.<\/p>\n\n\n\n<p>Dicho corredor est\u00e1 presente desde el 27 de octubre y hasta el 3 de noviembre. \u00a1No pierdas el tiempo y corre a visitarlas!<\/p>\n\n\n\n<p>RUTA del Corredor de Ofrendas Puebla 2024: D\u00f3nde visitar y en qu\u00e9 horarios<br>Altares del Corredor de Ofrendas Puebla 2024<br>Palacio Municipal<br>27 de octubre, 1 y 2 de noviembre de 10:00 a 22:00 horas<\/p>\n\n\n\n<p>28 al 31 de octubre 10:00 a 20:00 horas<\/p>\n\n\n\n<p>Museo Universitario Casa de los Mu\u00f1ecos<br>27 al 3 de noviembre de 10:00 a 20:00 horas<\/p>\n\n\n\n<p>Solo 2 de noviembre 10:00 a 21:30 horas<\/p>\n\n\n\n<p>Abrakdabra \u2013 La embajada<br>27 de octubre | 1,2 y de noviembre de 10:00 a 22:00 horas<\/p>\n\n\n\n<p>28 al 31 de octubre de 10:00 a 20:00 horas<\/p>\n\n\n\n<p>Museo Regional de la Revoluci\u00f3n Mexicana Casa de los Hermanos Serd\u00e1n<br>27 de octubre | 1 y 3 de noviembre de 10:00 a 18:00 horas<\/p>\n\n\n\n<p>29 al 31 de octubre de 10:00 a 17:00 horas<\/p>\n\n\n\n<p>2 de noviembre de 10:00 a 22:00 horas<\/p>\n\n\n\n<p>Museo Regional Casa de Alfe\u00f1ique<br>29 de octubre | 1 y 3 de noviembre de 10:00 a 18:00 horas<\/p>\n\n\n\n<p>29 de octubre cerrado<\/p>\n\n\n\n<p>29 al 31 de octubre<\/p>\n\n\n\n<p>10:00 a 17:00 horas<\/p>\n\n\n\n<p>2 de noviembre de 10:00 a 22:00 horas<\/p>\n\n\n\n<p>Preparatoria Emiliano Zapata de la BUAP<br>28 de octubre de 16:00 a 21:00 horas<\/p>\n\n\n\n<p>29 y 30 de octubre de 10:00 a 13 horas<\/p>\n\n\n\n<p>31 de octubre de 10:00 a 13:00 horas<\/p>\n\n\n\n<p>1,2 y 3 de noviembre de 11:00 a 21:00 horas<\/p>\n\n\n\n<p>Mui-Museo Urbano Interactivo<br>27 de octubre | 1,2 y 3 de noviembre de 10:00 a 22:00 horas<\/p>\n\n\n\n<p>28 al 31 de octubre de 10:00 a 20:00 horas<\/p>\n\n\n\n<p>Casa de la B\u00f3veda<br>Del 27 de octubre al 2 de noviembre de 09:00 a 20:00 horas<\/p>\n\n\n\n<p>Edificio El Carolino<br>Del 27 de octubre al 3 de noviembre de 10:00 a 20:00 horas<\/p>\n\n\n\n<p>Artesanos del Carolino<br>Del 27 de octubre al 3 de noviembre de 10:00 a 21:00 horas<\/p>\n\n\n\n<p>Museo Casa del Mendrugo<br>Del 27 de octubre al 3 de noviembre de 12:00 a 19:00 horas<\/p>\n\n\n\n<p>Poder Judicial<br>27 de octubre | 1,2 y 3 de noviembre de 10:00 a 22:00 horas<\/p>\n\n\n\n<p>28 al 31 de octubre de 10:00 a 20:00 horas<\/p>\n\n\n\n<p>Casa de la Cultura<br>27 de octubre | 1,2 y 3 de noviembre de 10:00 a 22:00 horas<\/p>\n\n\n\n<p>28 al 31 de octubre de 10:00 a 20:00 horas<\/p>\n\n\n\n<p>M\u00f3dulo de Informaci\u00f3n Tur\u00edstica del Estado de Puebla<br>21 de octubre | 1,2 y 3 de noviembre de 10:00 a 22:00 horas<\/p>\n\n\n\n<p>28 al 31 de octubre de 10:00 a 20:00 horas<\/p>\n\n\n\n<p>RUTA del Corredor de Ofrendas Puebla 2024: D\u00f3nde visitar y en qu\u00e9 horarios<br>Altares del Corredor de Ofrendas Puebla 2024<br>Museo Taller Erasto Cort\u00e9s<br>27 de octubre | 1,2 y 3 de noviembre de 10:00 a 18:00 horas<\/p>\n\n\n\n<p>29 al 31 de octubre de 10:00 a 17:00 horas<\/p>\n\n\n\n<p>2 noviembre de 10:00 a 22:00 horas<\/p>\n\n\n\n<p>Secci\u00f3n 23 del S.N.T.E<br>27 de octubre | 1,2, y 3 de noviembre de 10:00 a 22:00 horas<\/p>\n\n\n\n<p>28 al 31 de octubre de 10:00 a 20:00 horas<\/p>\n\n\n\n<p>Museo Jos\u00e9 Luis Bello y Gonz\u00e1lez<br>27 de octubre | 1,2, y 3 de noviembre de 10:00 a 18:00 horas<\/p>\n\n\n\n<p>28 de octubre cerrado<\/p>\n\n\n\n<p>29 al 31 de octubre de 10:00 a 17:00 horas<\/p>\n\n\n\n<p>2 de noviembre de 10:00 a 22:00 horas<\/p>\n\n\n\n<p>Casa del Maestro Poblano S.N.T.E Secci\u00f3n 51<br>27 de octubre | 1,2 y 3 de noviembre de 10:00 a 22:00 horas<\/p>\n\n\n\n<p>28 al 31 de octubre de 10:00 a 20:00 horas<\/p>\n\n\n\n<p>Patio de los Azulejos<br>27, 29, 30 y 31 de octubre | 1 y 3 de noviembre de 10:00 a 17:00 horas<\/p>\n\n\n\n<p>28 de octubre cerrado<\/p>\n\n\n\n<p>2 de noviembre de 10:00 a 22 horas<\/p>\n\n\n\n<p>Museo del Ej\u00e9rcito y Fuerza A\u00e9rea Mexicanos<br>27 de octubre | 1 y 3 de noviembre de 10:00 a 18:00 horas<\/p>\n\n\n\n<p>28 de octubre cerrado<\/p>\n\n\n\n<p>29 al 31 de octubre de 10:00 a 17:00 horas<\/p>\n\n\n\n<p>2 de noviembre de 10:00 a 22:00 horas<\/p>\n\n\n\n<p>Museo de Arte Popular Ex Convento de Santa Rosa<br>27 de octubre | 1 y 3 de noviembre de 10:00 a 18:00 horas<\/p>\n\n\n\n<p>28 de octubre cerrado<\/p>\n\n\n\n<p>29 al 21 de octubre de 10:00 a 20:00 horas<\/p>\n\n\n\n<p>2 de noviembre de 10:00 a 20:00 horas<\/p>\n\n\n\n<p>Mercado del Alto<br>27 de octubre | 1,2, y 3 de noviembre de 10:00 a 22:00 horas<\/p>\n\n\n\n<p>28 al 31 de octubre de 10:00 a 20:00 horas<\/p>\n\n\n\n<p>Caf\u00e9 con Letras<br>27 de octubre y 3 de noviembre de 12:00 a 18:00 horas<\/p>\n\n\n\n<p>Del 28 al 31 de octubre de 10:00 a 20:00 horas<\/p>\n\n\n\n<p>1 y 2 de noviembre de 12:00 a 17:00 horas<\/p>\n\n\n\n<p>RUTA del Corredor de Ofrendas Puebla 2024: D\u00f3nde visitar y en qu\u00e9 horarios<br>Altares del Corredor de Ofrendas Puebla 2024<br>Corredor de Ofrendas Puebla 2024: Juntas auxiliares<br>San Andr\u00e9s Cholula: Parque Intermunicipal<br>27 de octubre | 1,2 y 3 de noviembre de 10:00 a 22:00 horas<\/p>\n\n\n\n<p>28 al 31 de octubre de 10:00 a 20:00 horas<\/p>\n\n\n\n<p>San Pedro Cholula: Palacio Municipal Portal Guerrero 3 Centro de Cholula<br>Del 27 de octubre al 2 de noviembre de 10:00 a 18:00 horas<\/p>\n\n\n\n<p>Con informaci\u00f3n de Telediario<\/p>\n","protected":false},"excerpt":{"rendered":"<p>El Centro de Puebla se engalan\u00f3 esta fecha de celebraci\u00f3n del D\u00eda de Muertos con su tradicional Corredor de Ofrendas, sorprendiendo as\u00ed al p\u00fablico con los altares m\u00e1s bellos dedicados a diversas figuras destacables de la historia, artes y cultura popular. A continuaci\u00f3n te decimos d\u00f3nde y en qu\u00e9 horarios visitar cada uno de los [&hellip;]<\/p>\n","protected":false},"author":4,"featured_media":54441,"comment_status":"open","ping_status":"open","sticky":false,"template":"","format":"standard","meta":{"om_disable_all_campaigns":false,"_monsterinsights_skip_tracking":false,"_monsterinsights_sitenote_active":false,"_monsterinsights_sitenote_note":"","_monsterinsights_sitenote_category":0,"footnotes":""},"categories":[175],"tags":[223],"class_list":["post-54438","post","type-post","status-publish","format-standard","has-post-thumbnail","hentry","category-local","tag-puebla"],"amp_enabled":true,"_links":{"self":[{"href":"https:\/\/lahora.mx\/index.php\/wp-json\/wp\/v2\/posts\/54438","targetHints":{"allow":["GET"]}}],"collection":[{"href":"https:\/\/lahora.mx\/index.php\/wp-json\/wp\/v2\/posts"}],"about":[{"href":"https:\/\/lahora.mx\/index.php\/wp-json\/wp\/v2\/types\/post"}],"author":[{"embeddable":true,"href":"https:\/\/lahora.mx\/index.php\/wp-json\/wp\/v2\/users\/4"}],"replies":[{"embeddable":true,"href":"https:\/\/lahora.mx\/index.php\/wp-json\/wp\/v2\/comments?post=54438"}],"version-history":[{"count":1,"href":"https:\/\/lahora.mx\/index.php\/wp-json\/wp\/v2\/posts\/54438\/revisions"}],"predecessor-version":[{"id":54442,"href":"https:\/\/lahora.mx\/index.php\/wp-json\/wp\/v2\/posts\/54438\/revisions\/54442"}],"wp:featuredmedia":[{"embeddable":true,"href":"https:\/\/lahora.mx\/index.php\/wp-json\/wp\/v2\/media\/54441"}],"wp:attachment":[{"href":"https:\/\/lahora.mx\/index.php\/wp-json\/wp\/v2\/media?parent=54438"}],"wp:term":[{"taxonomy":"category","embeddable":true,"href":"https:\/\/lahora.mx\/index.php\/wp-json\/wp\/v2\/categories?post=54438"},{"taxonomy":"post_tag","embeddable":true,"href":"https:\/\/lahora.mx\/index.php\/wp-json\/wp\/v2\/tags?post=54438"}],"curies":[{"name":"wp","href":"https:\/\/api.w.org\/{rel}","templated":true}]}}