{"id":54433,"date":"2024-11-01T19:18:43","date_gmt":"2024-11-01T19:18:43","guid":{"rendered":"http:\/\/lahora.mx\/?p=54433"},"modified":"2024-11-01T19:18:44","modified_gmt":"2024-11-01T19:18:44","slug":"accidente-multiple-en-la-puebla-tehuacan-en-ocotitlan","status":"publish","type":"post","link":"https:\/\/lahora.mx\/index.php\/2024\/11\/01\/accidente-multiple-en-la-puebla-tehuacan-en-ocotitlan\/","title":{"rendered":"Accidente m\u00faltiple en la Puebla-Tehuac\u00e1n , en Ocotitl\u00e1n"},"content":{"rendered":"\n<p>Un accidente m\u00faltiple se registr\u00f3 la noche del 31 de octubre en la Carretera Federal Puebla-Tehuac\u00e1n, entre Ocotitl\u00e1n y Acatl\u00e1n, en direcci\u00f3n a Ixcaquixtla, y antes de llegar a Tepeaca.<\/p>\n\n\n\n<p>El percance ocurri\u00f3 en la zona de los topes, un tramo problem\u00e1tico que ha sido objeto de numerosas quejas por parte de la comunidad. En esta ocasi\u00f3n, varios veh\u00edculos se vieron involucrados, incluyendo autos compactos y unidades de carga pesada.<\/p>\n\n\n\n<p>En el lugar del accidente, fue necesaria la intervenci\u00f3n de brigadas de primeros auxilios para atender a los heridos. Personal de Protecci\u00f3n Civil y otros servicios de emergencia proporcionaron los primeros auxilios a automovilistas y pasajeros lesionados.<\/p>\n\n\n\n<p>Algunos de los heridos recibieron apoyo en el piso y bajo la lluvia, por parte de las personas que transitaban por la zona al momento de la colisi\u00f3n.<\/p>\n\n\n\n<p>La escena se llen\u00f3 de despliegue policial, con la presencia de la Guardia Nacional, la Polic\u00eda Municipal y ambulancias que, incluso, transitaron en sentido contrario para poder llegar a la zona del accidente. El tr\u00e1nsito qued\u00f3 seriamente afectado debido a la gran cantidad de veh\u00edculos involucrados.<\/p>\n","protected":false},"excerpt":{"rendered":"<p>Un accidente m\u00faltiple se registr\u00f3 la noche del 31 de octubre en la Carretera Federal Puebla-Tehuac\u00e1n, entre Ocotitl\u00e1n y Acatl\u00e1n, en direcci\u00f3n a Ixcaquixtla, y antes de llegar a Tepeaca. El percance ocurri\u00f3 en la zona de los topes, un tramo problem\u00e1tico que ha sido objeto de numerosas quejas por parte de la comunidad. En [&hellip;]<\/p>\n","protected":false},"author":4,"featured_media":54434,"comment_status":"open","ping_status":"open","sticky":false,"template":"","format":"standard","meta":{"om_disable_all_campaigns":false,"_monsterinsights_skip_tracking":false,"_monsterinsights_sitenote_active":false,"_monsterinsights_sitenote_note":"","_monsterinsights_sitenote_category":0,"footnotes":""},"categories":[175,226],"tags":[223],"class_list":["post-54433","post","type-post","status-publish","format-standard","has-post-thumbnail","hentry","category-local","category-policia","tag-puebla"],"amp_enabled":true,"_links":{"self":[{"href":"https:\/\/lahora.mx\/index.php\/wp-json\/wp\/v2\/posts\/54433","targetHints":{"allow":["GET"]}}],"collection":[{"href":"https:\/\/lahora.mx\/index.php\/wp-json\/wp\/v2\/posts"}],"about":[{"href":"https:\/\/lahora.mx\/index.php\/wp-json\/wp\/v2\/types\/post"}],"author":[{"embeddable":true,"href":"https:\/\/lahora.mx\/index.php\/wp-json\/wp\/v2\/users\/4"}],"replies":[{"embeddable":true,"href":"https:\/\/lahora.mx\/index.php\/wp-json\/wp\/v2\/comments?post=54433"}],"version-history":[{"count":1,"href":"https:\/\/lahora.mx\/index.php\/wp-json\/wp\/v2\/posts\/54433\/revisions"}],"predecessor-version":[{"id":54435,"href":"https:\/\/lahora.mx\/index.php\/wp-json\/wp\/v2\/posts\/54433\/revisions\/54435"}],"wp:featuredmedia":[{"embeddable":true,"href":"https:\/\/lahora.mx\/index.php\/wp-json\/wp\/v2\/media\/54434"}],"wp:attachment":[{"href":"https:\/\/lahora.mx\/index.php\/wp-json\/wp\/v2\/media?parent=54433"}],"wp:term":[{"taxonomy":"category","embeddable":true,"href":"https:\/\/lahora.mx\/index.php\/wp-json\/wp\/v2\/categories?post=54433"},{"taxonomy":"post_tag","embeddable":true,"href":"https:\/\/lahora.mx\/index.php\/wp-json\/wp\/v2\/tags?post=54433"}],"curies":[{"name":"wp","href":"https:\/\/api.w.org\/{rel}","templated":true}]}}