{"id":54396,"date":"2024-10-31T18:02:05","date_gmt":"2024-10-31T18:02:05","guid":{"rendered":"http:\/\/lahora.mx\/?p=54396"},"modified":"2024-10-31T18:02:06","modified_gmt":"2024-10-31T18:02:06","slug":"concluyen-comparecencias-de-aspirantes-a-la-presidencia-de-la-cdhe","status":"publish","type":"post","link":"https:\/\/lahora.mx\/index.php\/2024\/10\/31\/concluyen-comparecencias-de-aspirantes-a-la-presidencia-de-la-cdhe\/","title":{"rendered":"Concluyen comparecencias de aspirantes a la presidencia de la CDHE"},"content":{"rendered":"\n<p>El mi\u00e9rcoles 30 de octubre concluyeron las comparecencias de los 12 aspirantes a la presidencia de la Comisi\u00f3n de Derechos Humanos del Estado de Puebla (CDH Puebla), con la participaci\u00f3n de las \u00faltimas cuatro personas, de acuerdo con el calendario.<\/p>\n\n\n\n<p>Los diputados integrantes de la Comisi\u00f3n de Derechos Humanos del Congreso del Estado presenciaron la comparecencia de ocho aspirantes el 29 de octubre y de cuatro m\u00e1s el 30 de octubre.<\/p>\n\n\n\n<p>En este ejercicio, los interesados tuvieron 20 minutos para exponer su programa de trabajo y respondieron cuatro preguntas, cada uno. En el segundo y \u00faltimo d\u00eda de comparecencias participaron los siguientes.<\/p>\n\n\n\n<p>Concluyen comparecencias de aspirantes a la presidencia de la CDHE<br>Rold\u00e1n Reyes M\u00f3nica<br>Concluyen comparecencias de aspirantes a la presidencia de la CDHE<br>S\u00e1nchez Soya Rosa Isela<\/p>\n\n\n\n<p>Concluyen comparecencias de aspirantes a la presidencia de la CDHE<br>Soriano Peregrina Luis Armando<br>Concluyen comparecencias de aspirantes a la presidencia de la CDHE<br>De acuerdo con la convocatoria, la Comisi\u00f3n de Derechos Humanos del Congreso del Estado elaborar\u00e1 el dictamen con las consideraciones y valoraciones correspondientes, y presentar\u00e1 en el mismo la lista de los aspirantes que cumplieron con los requisitos legales, que comparecieron ante el \u00f3rgano colegiado y que resultaron mejor evaluados.<\/p>\n\n\n\n<p>El dictamen se remitir\u00e1 a la Junta de Gobierno y Coordinaci\u00f3n Pol\u00edtica (Jugocopo) y, posteriormente, se pondr\u00e1 a consideraci\u00f3n del Pleno.<\/p>\n","protected":false},"excerpt":{"rendered":"<p>El mi\u00e9rcoles 30 de octubre concluyeron las comparecencias de los 12 aspirantes a la presidencia de la Comisi\u00f3n de Derechos Humanos del Estado de Puebla (CDH Puebla), con la participaci\u00f3n de las \u00faltimas cuatro personas, de acuerdo con el calendario. Los diputados integrantes de la Comisi\u00f3n de Derechos Humanos del Congreso del Estado presenciaron la [&hellip;]<\/p>\n","protected":false},"author":4,"featured_media":54397,"comment_status":"open","ping_status":"open","sticky":false,"template":"","format":"standard","meta":{"om_disable_all_campaigns":false,"_monsterinsights_skip_tracking":false,"_monsterinsights_sitenote_active":false,"_monsterinsights_sitenote_note":"","_monsterinsights_sitenote_category":0,"footnotes":""},"categories":[175],"tags":[223],"class_list":["post-54396","post","type-post","status-publish","format-standard","has-post-thumbnail","hentry","category-local","tag-puebla"],"amp_enabled":true,"_links":{"self":[{"href":"https:\/\/lahora.mx\/index.php\/wp-json\/wp\/v2\/posts\/54396","targetHints":{"allow":["GET"]}}],"collection":[{"href":"https:\/\/lahora.mx\/index.php\/wp-json\/wp\/v2\/posts"}],"about":[{"href":"https:\/\/lahora.mx\/index.php\/wp-json\/wp\/v2\/types\/post"}],"author":[{"embeddable":true,"href":"https:\/\/lahora.mx\/index.php\/wp-json\/wp\/v2\/users\/4"}],"replies":[{"embeddable":true,"href":"https:\/\/lahora.mx\/index.php\/wp-json\/wp\/v2\/comments?post=54396"}],"version-history":[{"count":1,"href":"https:\/\/lahora.mx\/index.php\/wp-json\/wp\/v2\/posts\/54396\/revisions"}],"predecessor-version":[{"id":54398,"href":"https:\/\/lahora.mx\/index.php\/wp-json\/wp\/v2\/posts\/54396\/revisions\/54398"}],"wp:featuredmedia":[{"embeddable":true,"href":"https:\/\/lahora.mx\/index.php\/wp-json\/wp\/v2\/media\/54397"}],"wp:attachment":[{"href":"https:\/\/lahora.mx\/index.php\/wp-json\/wp\/v2\/media?parent=54396"}],"wp:term":[{"taxonomy":"category","embeddable":true,"href":"https:\/\/lahora.mx\/index.php\/wp-json\/wp\/v2\/categories?post=54396"},{"taxonomy":"post_tag","embeddable":true,"href":"https:\/\/lahora.mx\/index.php\/wp-json\/wp\/v2\/tags?post=54396"}],"curies":[{"name":"wp","href":"https:\/\/api.w.org\/{rel}","templated":true}]}}