{"id":54393,"date":"2024-10-31T17:35:18","date_gmt":"2024-10-31T17:35:18","guid":{"rendered":"http:\/\/lahora.mx\/?p=54393"},"modified":"2024-10-31T17:35:19","modified_gmt":"2024-10-31T17:35:19","slug":"presentan-13-comisiones-y-comite-del-congreso-su-plan-de-trabajo","status":"publish","type":"post","link":"https:\/\/lahora.mx\/index.php\/2024\/10\/31\/presentan-13-comisiones-y-comite-del-congreso-su-plan-de-trabajo\/","title":{"rendered":"Presentan 13 Comisiones y Comit\u00e9 del Congreso su plan de trabajo"},"content":{"rendered":"\n<p>13 Comisiones y un Comit\u00e9 de la LXII Legislatura del Congreso del Estado presentaron su plan de trabajo, en donde establecen los objetivos principales y directrices a seguir al interior de cada \u00f3rgano colegiado.<\/p>\n\n\n\n<p>Durante la sesi\u00f3n de la Comisi\u00f3n de Gobernaci\u00f3n y Puntos Constitucionales, el diputado Julio Miguel Huerta G\u00f3mez present\u00f3 el plan de trabajo del \u00f3rgano colegiado y ejes en los que trabajar\u00e1 la Comisi\u00f3n: pacto social y democracia, actuar pol\u00edtico y consensos, legalidad, lazos interinstitucionales; reuniones peri\u00f3dicas con autoridades federal, estatal y municipales, as\u00ed como reuniones con poderes legislativos.<\/p>\n\n\n\n<p>La Comisi\u00f3n de la Agenda 2030, que preside el diputado Jaime Natale Uranga, present\u00f3 el plan de trabajo del \u00f3rgano colegiado, donde destac\u00f3 el impulsar acciones para proteger a personas y al planeta.<br>La Comisi\u00f3n de Trabajo, Competitividad y Previsi\u00f3n Social, que preside el diputado Jos\u00e9 Luis Figueroa Cort\u00e9s, present\u00f3 el plan de trabajo que incluy\u00f3 la promoci\u00f3n de una bolsa de trabajo, acciones de capacitaci\u00f3n y una revisi\u00f3n exhaustiva de la legislaci\u00f3n vigente, en materia de hacienda y patrimonio municipal.<\/p>\n\n\n\n<p>Durante la Comisi\u00f3n de Atenci\u00f3n a Personas con Discapacidad, la presidenta del \u00f3rgano colegiado Luana Armida Amador Vallejo, present\u00f3 el plan de trabajo en que destac\u00f3 la asignaci\u00f3n de recursos para emprender distintas acciones para promover el bienestar de las personas que atienden.<\/p>\n\n\n\n<p>Presentan 13 Comisiones y Comit\u00e9 del Congreso su plan de trabajo<br>La Comisi\u00f3n de Hacienda y Patrimonio Municipal, que preside la diputada Laura Guadalupe Vargas Vargas, present\u00f3 el plan de trabajo donde destac\u00f3 la realizaci\u00f3n de una revisi\u00f3n de la legislaci\u00f3n vigente en materia de hacienda y patrimonio municipal, a trav\u00e9s de l\u00edneas de acci\u00f3n, que comprenden el an\u00e1lisis del presupuesto y ejercicio fiscal, la colaboraci\u00f3n Interinstitucional, la participaci\u00f3n ciudadana y el establecimiento de redes de colaboraci\u00f3n.<\/p>\n\n\n\n<p>Durante la sesi\u00f3n de la Comisi\u00f3n de Hacienda se acord\u00f3 que antes de llamar a comparecer a Agua de Puebla, los integrantes del \u00f3rgano colegiado sostendr\u00e1n una reuni\u00f3n de informaci\u00f3n con el SOAPAP para desahogar dudas. Para que, posteriormente, se lleve a cabo la integraci\u00f3n de un grupo de trabajo con SOAPAP y \u00f3rganos t\u00e9cnicos para tener mesas de trabajo, previo a la comparecencia de Agua de Puebla.<\/p>\n\n\n\n<p>Presentan 13 Comisiones y Comit\u00e9 del Congreso su plan de trabajo<br>La Comisi\u00f3n de Juventud y Deporte, que preside la diputada Ana Lilia Tepole Armenta, present\u00f3 el plan de trabajo del \u00f3rgano colegiado, que tiene como objetivo contribuir a la promoci\u00f3n del desarrollo integral de los j\u00f3venes del estado de Puebla, a trav\u00e9s de la formulaci\u00f3n y revisi\u00f3n del marco jur\u00eddico que garantice la defensa de sus derechos; generando una estrategia de vinculaci\u00f3n interinstitucional, de fomento de acciones legislativas para mejorar las condiciones de vida de la juventud y promoci\u00f3n del deporte en la entidad, a trav\u00e9s de ejes de trabajo en materia legislativa, interinstitucional y participativa.<\/p>\n\n\n\n<p>La Comisi\u00f3n de Migraci\u00f3n y Asuntos Internacionales, que preside la diputada Araceli Celestino Rosas, present\u00f3 el plan de trabajo del \u00f3rgano colegiado que tiene como misi\u00f3n cerciorarse que la migraci\u00f3n se gestione de forma ordenada y humana, promoviendo el ejercicio y la protecci\u00f3n de los derechos humanos de los migrantes, para que sean tratados con respeto y dignidad.<\/p>\n\n\n\n<p>Presentan 13 Comisiones y Comit\u00e9 del Congreso su plan de trabajo<br>La diputada Ang\u00e9lica Alvarado Ju\u00e1rez, present\u00f3 el plan de trabajo de la Comisi\u00f3n de Turismo, que tiene como principal objetivo legislar y establecer las condiciones normativas necesarias para impulsar el desarrollo tur\u00edstico en la entidad, as\u00ed como fortalecer la coordinaci\u00f3n de los tres niveles de gobierno y garantizar el acceso de los servicios para todos los grupos.<\/p>\n\n\n\n<p>El diputado El\u00edas Lozada Ortega present\u00f3 el plan de trabajo de la Comisi\u00f3n de Desarrollo Urbano, en el que se estableci\u00f3 como uno de los objetivos la planificaci\u00f3n de \u00e1reas urbanas para mejorar el entorno, as\u00ed como la atenci\u00f3n de oficios y solicitudes relacionadas con el ordenamiento urbano para que, entre otras acciones, se cuente con servicios de calidad, as\u00ed como el desarrollo de diferentes grupos poblacionales.<\/p>\n\n\n\n<p>Presentan 13 Comisiones y Comit\u00e9 del Congreso su plan de trabajo<\/p>\n\n\n\n<p>La Comisi\u00f3n de Grupos Vulnerables, que preside la diputada Leonela Jazm\u00edn Mart\u00ednez Ayala, tambi\u00e9n present\u00f3 el plan de trabajo donde subray\u00f3 que el \u00f3rgano colegiado representar\u00e1 a todos los poblanos que por diversas condiciones no tienen garantizado el acceso a todos sus derechos y a una vida digna y plena. \u201cpor lo que ser\u00e1n ellas y ellos quienes m\u00e1s requieran del trabajo de la Comisi\u00f3n, para hacer de Puebla un estado donde los derechos sean para todas y todos\u201d.<\/p>\n\n\n\n<p>La Comisi\u00f3n de Asuntos Metropolitanos, que preside la diputada Fedrha Isabel Suriano Corrales, present\u00f3 el plan de trabajo donde destac\u00f3 que impulsar\u00e1n, desde la funci\u00f3n legislativa, una agenda metropolitana para dise\u00f1ar y poner en marcha acciones y estrategias de acuerdo con la Agenda 2030, bajo los pilares y ejes: social, econ\u00f3mico, territorial, seguridad; as\u00ed como ejes de transversales como la igualdad de g\u00e9nero, gobierno capaz y responsable.<\/p>\n\n\n\n<p>Presentan 13 Comisiones y Comit\u00e9 del Congreso su plan de trabajo<br>Norma Estela Pimentel M\u00e9ndez, presidenta de la Comisi\u00f3n de Comunicaciones e Infraestructura, present\u00f3 el plan de trabajo del \u00f3rgano colegiado, cuyo prop\u00f3sito es promover un marco legal actualizado, sostenible y participativo, alineado a las necesidades de la entidad; el documento indica que se debe asegurar que las obras p\u00fablicas, viviendas y otras infraestructuras respondan a criterios de sostenibilidad, seguridad y eficiencia.<\/p>\n\n\n\n<p>Elpidio D\u00edaz Escobar, presidente de la Comisi\u00f3n de Transportes y Movilidad, se\u00f1al\u00f3 que uno de los objetivos del plan de trabajo del \u00f3rgano colegiado es contar con un sistema de transporte eficiente, seguro y sostenible para todos los ciudadanos, adem\u00e1s, se reconoce a la movilidad como un derecho fundamental que obliga a realizar a las autoridades acciones que garanticen su ejercicio en condiciones de seguridad vial.<\/p>\n\n\n\n<p>Presenta plan de trabajo Comit\u00e9 de Atenci\u00f3n Ciudadana<br>El Comit\u00e9 de Atenci\u00f3n Ciudadana, que preside la diputada Mar\u00eda Soledad Amieva Zamora, present\u00f3 el plan de trabajo del \u00f3rgano colegiado con el objetivo el atender las solicitudes realizadas por los poblanos, que permita dar soluciones y mayor acercamiento y confianza por parte del Congreso del Estado, atendiendo con prontitud y dando seguimiento a las solicitudes presentadas.<\/p>\n","protected":false},"excerpt":{"rendered":"<p>13 Comisiones y un Comit\u00e9 de la LXII Legislatura del Congreso del Estado presentaron su plan de trabajo, en donde establecen los objetivos principales y directrices a seguir al interior de cada \u00f3rgano colegiado. Durante la sesi\u00f3n de la Comisi\u00f3n de Gobernaci\u00f3n y Puntos Constitucionales, el diputado Julio Miguel Huerta G\u00f3mez present\u00f3 el plan de [&hellip;]<\/p>\n","protected":false},"author":4,"featured_media":54394,"comment_status":"open","ping_status":"open","sticky":false,"template":"","format":"standard","meta":{"om_disable_all_campaigns":false,"_monsterinsights_skip_tracking":false,"_monsterinsights_sitenote_active":false,"_monsterinsights_sitenote_note":"","_monsterinsights_sitenote_category":0,"footnotes":""},"categories":[175],"tags":[227,223],"class_list":["post-54393","post","type-post","status-publish","format-standard","has-post-thumbnail","hentry","category-local","tag-congreso","tag-puebla"],"amp_enabled":true,"_links":{"self":[{"href":"https:\/\/lahora.mx\/index.php\/wp-json\/wp\/v2\/posts\/54393","targetHints":{"allow":["GET"]}}],"collection":[{"href":"https:\/\/lahora.mx\/index.php\/wp-json\/wp\/v2\/posts"}],"about":[{"href":"https:\/\/lahora.mx\/index.php\/wp-json\/wp\/v2\/types\/post"}],"author":[{"embeddable":true,"href":"https:\/\/lahora.mx\/index.php\/wp-json\/wp\/v2\/users\/4"}],"replies":[{"embeddable":true,"href":"https:\/\/lahora.mx\/index.php\/wp-json\/wp\/v2\/comments?post=54393"}],"version-history":[{"count":1,"href":"https:\/\/lahora.mx\/index.php\/wp-json\/wp\/v2\/posts\/54393\/revisions"}],"predecessor-version":[{"id":54395,"href":"https:\/\/lahora.mx\/index.php\/wp-json\/wp\/v2\/posts\/54393\/revisions\/54395"}],"wp:featuredmedia":[{"embeddable":true,"href":"https:\/\/lahora.mx\/index.php\/wp-json\/wp\/v2\/media\/54394"}],"wp:attachment":[{"href":"https:\/\/lahora.mx\/index.php\/wp-json\/wp\/v2\/media?parent=54393"}],"wp:term":[{"taxonomy":"category","embeddable":true,"href":"https:\/\/lahora.mx\/index.php\/wp-json\/wp\/v2\/categories?post=54393"},{"taxonomy":"post_tag","embeddable":true,"href":"https:\/\/lahora.mx\/index.php\/wp-json\/wp\/v2\/tags?post=54393"}],"curies":[{"name":"wp","href":"https:\/\/api.w.org\/{rel}","templated":true}]}}