{"id":54383,"date":"2024-10-31T04:17:28","date_gmt":"2024-10-31T04:17:28","guid":{"rendered":"http:\/\/lahora.mx\/?p=54383"},"modified":"2024-10-31T04:18:37","modified_gmt":"2024-10-31T04:18:37","slug":"tepjf-anula-eleccion-de-v-carranza-y-chignahuapan","status":"publish","type":"post","link":"https:\/\/lahora.mx\/index.php\/2024\/10\/31\/tepjf-anula-eleccion-de-v-carranza-y-chignahuapan\/","title":{"rendered":"TEPJF anula elecci\u00f3n de V. Carranza y Chignahuapan"},"content":{"rendered":"\n<p>Por mayor\u00eda de votos, la Sala Superior del Tribunal Electoral del Poder Judicial de la Federaci\u00f3n (TEPJF) anul\u00f3 las elecciones en Venustiano Carranza y Chignahuapan; por lo que habilit\u00f3 de nueva cuenta los Concejos Municipales.<\/p>\n\n\n\n<p>Durante la sesi\u00f3n, los magistrados resolvieron los asuntos SUP-REC-22818\/2024 y SUP-REC-22819\/2024, cuyo proyecto fue presentado por la magistrada presidenta M\u00f3nica Aral\u00ed Soto Fregoso.<\/p>\n\n\n\n<p>El proyecto sobre Venustiano Carranza y Chignahuapan recibi\u00f3 tres votos a favor y dos en contra por el Pleno del TEPJF. La propuesta presentada advirti\u00f3 que la Sala Regional estaba imposibilitada para atender el asunto, al advertir que la designaci\u00f3n de Concejos Municipales ya se hab\u00eda consumado por el Congreso de Puebla.<\/p>\n\n\n\n<p>\u201cLa Sala responsable indebidamente resolvi\u00f3 el fondo de las controversias planteadas, una vez transcurrida la fecha prevista constitucionalmente, para la instalaci\u00f3n de los Ayuntamientos (\u2026) los actos controvertidos se consumaron de forma irreparable\u201d<\/p>\n\n\n\n<p>El proyecto se\u00f1al\u00f3 que la sentencia de la Sala Regional de la CDMX infringi\u00f3 con los principios de definitividad y certeza, al resolver despu\u00e9s de la toma de protesta. Por lo que restablece la sentencia del TEEP.<\/p>\n\n\n\n<p>Con esta resoluci\u00f3n, se anulan las elecciones en Venustiano Carranza y Chignahuapan y se restablecen los Concejos Municipales; por lo que estos municipios se suman a los de Ayotoxco de Guerrero y Xiutetetelco donde se desarrollar\u00e1n elecciones extraordinarias en 2025.<\/p>\n","protected":false},"excerpt":{"rendered":"<p>Por mayor\u00eda de votos, la Sala Superior del Tribunal Electoral del Poder Judicial de la Federaci\u00f3n (TEPJF) anul\u00f3 las elecciones en Venustiano Carranza y Chignahuapan; por lo que habilit\u00f3 de nueva cuenta los Concejos Municipales. Durante la sesi\u00f3n, los magistrados resolvieron los asuntos SUP-REC-22818\/2024 y SUP-REC-22819\/2024, cuyo proyecto fue presentado por la magistrada presidenta M\u00f3nica [&hellip;]<\/p>\n","protected":false},"author":4,"featured_media":54384,"comment_status":"open","ping_status":"open","sticky":false,"template":"","format":"standard","meta":{"om_disable_all_campaigns":false,"_monsterinsights_skip_tracking":false,"_monsterinsights_sitenote_active":false,"_monsterinsights_sitenote_note":"","_monsterinsights_sitenote_category":0,"footnotes":""},"categories":[175],"tags":[195,223],"class_list":["post-54383","post","type-post","status-publish","format-standard","has-post-thumbnail","hentry","category-local","tag-principal","tag-puebla"],"amp_enabled":true,"_links":{"self":[{"href":"https:\/\/lahora.mx\/index.php\/wp-json\/wp\/v2\/posts\/54383","targetHints":{"allow":["GET"]}}],"collection":[{"href":"https:\/\/lahora.mx\/index.php\/wp-json\/wp\/v2\/posts"}],"about":[{"href":"https:\/\/lahora.mx\/index.php\/wp-json\/wp\/v2\/types\/post"}],"author":[{"embeddable":true,"href":"https:\/\/lahora.mx\/index.php\/wp-json\/wp\/v2\/users\/4"}],"replies":[{"embeddable":true,"href":"https:\/\/lahora.mx\/index.php\/wp-json\/wp\/v2\/comments?post=54383"}],"version-history":[{"count":1,"href":"https:\/\/lahora.mx\/index.php\/wp-json\/wp\/v2\/posts\/54383\/revisions"}],"predecessor-version":[{"id":54385,"href":"https:\/\/lahora.mx\/index.php\/wp-json\/wp\/v2\/posts\/54383\/revisions\/54385"}],"wp:featuredmedia":[{"embeddable":true,"href":"https:\/\/lahora.mx\/index.php\/wp-json\/wp\/v2\/media\/54384"}],"wp:attachment":[{"href":"https:\/\/lahora.mx\/index.php\/wp-json\/wp\/v2\/media?parent=54383"}],"wp:term":[{"taxonomy":"category","embeddable":true,"href":"https:\/\/lahora.mx\/index.php\/wp-json\/wp\/v2\/categories?post=54383"},{"taxonomy":"post_tag","embeddable":true,"href":"https:\/\/lahora.mx\/index.php\/wp-json\/wp\/v2\/tags?post=54383"}],"curies":[{"name":"wp","href":"https:\/\/api.w.org\/{rel}","templated":true}]}}