{"id":54377,"date":"2024-10-31T04:03:59","date_gmt":"2024-10-31T04:03:59","guid":{"rendered":"http:\/\/lahora.mx\/?p=54377"},"modified":"2024-10-31T04:04:00","modified_gmt":"2024-10-31T04:04:00","slug":"morena-necesita-un-dirigente-que-integre-a-todos-menciona-el-gobernador-sergio-salomon","status":"publish","type":"post","link":"https:\/\/lahora.mx\/index.php\/2024\/10\/31\/morena-necesita-un-dirigente-que-integre-a-todos-menciona-el-gobernador-sergio-salomon\/","title":{"rendered":"Morena necesita un dirigente que integre a todos, menciona el gobernador Sergio Salom\u00f3n"},"content":{"rendered":"\n<p>Morena necesita un dirigente que sepa integrar a todos los grupos, reconozca a los fundadores, pero atienda la visi\u00f3n de que en el partido no hay exclusividad, opin\u00f3 el gobernador, Sergio Salom\u00f3n C\u00e9spedes Peregrina, luego de que el instituto pol\u00edtico dio a conocer la convocatoria para renovar al Comit\u00e9 Ejecutivo Estatal.<\/p>\n\n\n\n<p>El mandatario poblano asegur\u00f3 que a \u00e9l no le corresponde calificar o descalificar a los perfiles que han levantado la mano para representar al partido vino tinto; sin embargo, insisti\u00f3 en que quien aspire a hacerlo debe tener presente que el fundador, Andr\u00e9s Manuel L\u00f3pez Obrador y la presidenta de M\u00e9xico, Claudia Sheinbaum, han promovido la inclusi\u00f3n.<\/p>\n\n\n\n<p>\u201cUn perfil integrador, que tenga apertura, que no deje de reconocer a quienes fundaron el movimiento, pero que se siga la visi\u00f3n del presidente, Andr\u00e9s Manuel L\u00f3pez Obrador y que se refuerce la visi\u00f3n de la doctora Claudia, en donde en ese partido, hoy en d\u00eda cabemos todas y todos, bienvenidos los que deseen participar, no hay exclusividades, ni tiene due\u00f1o el partido\u201d, expres\u00f3.<br>El titular del ejecutivo afirm\u00f3 que se mantendr\u00e1 respetuoso del procedimiento para la renovaci\u00f3n de la dirigencia estatal de Morena y confi\u00f3 en que ser\u00e1 un gran ejercicio, democr\u00e1tico, de inclusi\u00f3n y en el que haya una rector\u00eda importante.<\/p>\n\n\n\n<p>De acuerdo con la convocatoria, la asamblea para elegir a quien relevar\u00e1 a Olga Lucia Romero Garci Crespo en la dirigencia se realizar\u00e1 el pr\u00f3ximo 16 de noviembre en el Centro de Convenciones y se prev\u00e9 la renovaci\u00f3n de todas las carteras del Comit\u00e9 Ejecutivo Estatal, en vez de las tres que solamente se ten\u00edan previstas.<\/p>\n\n\n\n<p>Permanecen operativos contra transporte pirata<br>El gobernador asegur\u00f3 que se mantienen vigentes los operativos contra aquellas unidades que prestan servicio de transporte de forma irregular, no obstante, insisti\u00f3 en que independientemente de estas acciones los accidentes se previenen atendiendo las medidas de precauci\u00f3n en las carreteras.<\/p>\n\n\n\n<p>Lo anterior, cuestionado sobre el percance vial que ocurri\u00f3 ayer en Ciudad Modelo y que dej\u00f3 como saldo 11 estudiantes de la Benem\u00e9rita Universidad Aut\u00f3noma de Puebla (BUAP) lesionados, mismos que viajaban en una unidad de transporte \u201cpirata\u201d.<\/p>\n\n\n\n<p>\u201cNo tienen nada que ver con concesiones o no, tiene que ver con la responsabilidad de los conductores, hay operativos de forma permanente pero los accidentes tienen que ver con la prevenci\u00f3n\u201d, finaliz\u00f3.<\/p>\n","protected":false},"excerpt":{"rendered":"<p>Morena necesita un dirigente que sepa integrar a todos los grupos, reconozca a los fundadores, pero atienda la visi\u00f3n de que en el partido no hay exclusividad, opin\u00f3 el gobernador, Sergio Salom\u00f3n C\u00e9spedes Peregrina, luego de que el instituto pol\u00edtico dio a conocer la convocatoria para renovar al Comit\u00e9 Ejecutivo Estatal. El mandatario poblano asegur\u00f3 [&hellip;]<\/p>\n","protected":false},"author":4,"featured_media":54378,"comment_status":"open","ping_status":"open","sticky":false,"template":"","format":"standard","meta":{"om_disable_all_campaigns":false,"_monsterinsights_skip_tracking":false,"_monsterinsights_sitenote_active":false,"_monsterinsights_sitenote_note":"","_monsterinsights_sitenote_category":0,"footnotes":""},"categories":[175],"tags":[239,223],"class_list":["post-54377","post","type-post","status-publish","format-standard","has-post-thumbnail","hentry","category-local","tag-gobierno","tag-puebla"],"amp_enabled":true,"_links":{"self":[{"href":"https:\/\/lahora.mx\/index.php\/wp-json\/wp\/v2\/posts\/54377","targetHints":{"allow":["GET"]}}],"collection":[{"href":"https:\/\/lahora.mx\/index.php\/wp-json\/wp\/v2\/posts"}],"about":[{"href":"https:\/\/lahora.mx\/index.php\/wp-json\/wp\/v2\/types\/post"}],"author":[{"embeddable":true,"href":"https:\/\/lahora.mx\/index.php\/wp-json\/wp\/v2\/users\/4"}],"replies":[{"embeddable":true,"href":"https:\/\/lahora.mx\/index.php\/wp-json\/wp\/v2\/comments?post=54377"}],"version-history":[{"count":1,"href":"https:\/\/lahora.mx\/index.php\/wp-json\/wp\/v2\/posts\/54377\/revisions"}],"predecessor-version":[{"id":54379,"href":"https:\/\/lahora.mx\/index.php\/wp-json\/wp\/v2\/posts\/54377\/revisions\/54379"}],"wp:featuredmedia":[{"embeddable":true,"href":"https:\/\/lahora.mx\/index.php\/wp-json\/wp\/v2\/media\/54378"}],"wp:attachment":[{"href":"https:\/\/lahora.mx\/index.php\/wp-json\/wp\/v2\/media?parent=54377"}],"wp:term":[{"taxonomy":"category","embeddable":true,"href":"https:\/\/lahora.mx\/index.php\/wp-json\/wp\/v2\/categories?post=54377"},{"taxonomy":"post_tag","embeddable":true,"href":"https:\/\/lahora.mx\/index.php\/wp-json\/wp\/v2\/tags?post=54377"}],"curies":[{"name":"wp","href":"https:\/\/api.w.org\/{rel}","templated":true}]}}