{"id":54370,"date":"2024-10-31T01:45:04","date_gmt":"2024-10-31T01:45:04","guid":{"rendered":"http:\/\/lahora.mx\/?p=54370"},"modified":"2024-10-31T01:45:05","modified_gmt":"2024-10-31T01:45:05","slug":"estrella-de-puebla-y-parque-sendela-se-inauguraran-el-1-de-diciembre","status":"publish","type":"post","link":"https:\/\/lahora.mx\/index.php\/2024\/10\/31\/estrella-de-puebla-y-parque-sendela-se-inauguraran-el-1-de-diciembre\/","title":{"rendered":"Estrella de Puebla y Parque Sendela se inaugurar\u00e1n el 1 de diciembre"},"content":{"rendered":"\n<p>El pr\u00f3ximo 1 de diciembre ser\u00e1 inaugurado el Parque Sendela y la Estrella de Puebla, as\u00ed lo anunci\u00f3 el gobernador Sergio Salom\u00f3n C\u00e9spedes Peregrina, quien tambi\u00e9n adelant\u00f3 que el 6 del mismo mes estar\u00e1 listo el Instituto Polit\u00e9cnico Nacional (IPN) de Puebla.<\/p>\n\n\n\n<p>En entrevista, detall\u00f3 que ser\u00e1 entre noviembre y diciembre cuando se entreguen todas las obras que restan por culminar.<\/p>\n\n\n\n<p>La que se prev\u00e9 que ya sea terminada es la del Distribuidor Vial de Perif\u00e9rico Ecol\u00f3gico y V\u00eda Atlixc\u00e1yotl, pues es la obra que ha presentado m\u00e1s avances hasta el momento.<\/p>\n\n\n\n<p>\u00abEl Polit\u00e9cnico lo tenemos programado para el 6 de diciembre (\u2026) ayer acordamos tambi\u00e9n la apertura de la Estrella de Puebla el 1 de diciembre\u00bb, explic\u00f3.<\/p>\n\n\n\n<p>A la vez, el mandatario estatal dijo que la carretera Cuacnopalan-Tlaxco tambi\u00e9n estar\u00e1 por concluirse en los primeros d\u00edas del \u00faltimo mes del a\u00f1o, mientras que CU II estar\u00eda terminando su \u00faltima etapa en noviembre.<\/p>\n\n\n\n<p>Sin embargo, C\u00e9spedes Peregrina explic\u00f3 que antes de que se vaya, el 13 de diciembre, estar\u00e1n terminadas todas las obras que emprendi\u00f3 su administraci\u00f3n, por lo que no quedar\u00e1 pendiente m\u00e1s que el edificio de la Secretar\u00eda de Planeaci\u00f3n y Finanzas.<\/p>\n\n\n\n<p>Ante esto, se\u00f1al\u00f3 que ya platic\u00f3 con el gobernador electo, Alejandro Armenta Mier, sobre el estado en que dejar\u00e1 ese inmueble y qu\u00e9 detalles faltar\u00e1n por construir.<\/p>\n","protected":false},"excerpt":{"rendered":"<p>El pr\u00f3ximo 1 de diciembre ser\u00e1 inaugurado el Parque Sendela y la Estrella de Puebla, as\u00ed lo anunci\u00f3 el gobernador Sergio Salom\u00f3n C\u00e9spedes Peregrina, quien tambi\u00e9n adelant\u00f3 que el 6 del mismo mes estar\u00e1 listo el Instituto Polit\u00e9cnico Nacional (IPN) de Puebla. En entrevista, detall\u00f3 que ser\u00e1 entre noviembre y diciembre cuando se entreguen todas [&hellip;]<\/p>\n","protected":false},"author":4,"featured_media":54371,"comment_status":"open","ping_status":"open","sticky":false,"template":"","format":"standard","meta":{"om_disable_all_campaigns":false,"_monsterinsights_skip_tracking":false,"_monsterinsights_sitenote_active":false,"_monsterinsights_sitenote_note":"","_monsterinsights_sitenote_category":0,"footnotes":""},"categories":[175],"tags":[223],"class_list":["post-54370","post","type-post","status-publish","format-standard","has-post-thumbnail","hentry","category-local","tag-puebla"],"amp_enabled":true,"_links":{"self":[{"href":"https:\/\/lahora.mx\/index.php\/wp-json\/wp\/v2\/posts\/54370","targetHints":{"allow":["GET"]}}],"collection":[{"href":"https:\/\/lahora.mx\/index.php\/wp-json\/wp\/v2\/posts"}],"about":[{"href":"https:\/\/lahora.mx\/index.php\/wp-json\/wp\/v2\/types\/post"}],"author":[{"embeddable":true,"href":"https:\/\/lahora.mx\/index.php\/wp-json\/wp\/v2\/users\/4"}],"replies":[{"embeddable":true,"href":"https:\/\/lahora.mx\/index.php\/wp-json\/wp\/v2\/comments?post=54370"}],"version-history":[{"count":1,"href":"https:\/\/lahora.mx\/index.php\/wp-json\/wp\/v2\/posts\/54370\/revisions"}],"predecessor-version":[{"id":54372,"href":"https:\/\/lahora.mx\/index.php\/wp-json\/wp\/v2\/posts\/54370\/revisions\/54372"}],"wp:featuredmedia":[{"embeddable":true,"href":"https:\/\/lahora.mx\/index.php\/wp-json\/wp\/v2\/media\/54371"}],"wp:attachment":[{"href":"https:\/\/lahora.mx\/index.php\/wp-json\/wp\/v2\/media?parent=54370"}],"wp:term":[{"taxonomy":"category","embeddable":true,"href":"https:\/\/lahora.mx\/index.php\/wp-json\/wp\/v2\/categories?post=54370"},{"taxonomy":"post_tag","embeddable":true,"href":"https:\/\/lahora.mx\/index.php\/wp-json\/wp\/v2\/tags?post=54370"}],"curies":[{"name":"wp","href":"https:\/\/api.w.org\/{rel}","templated":true}]}}