{"id":54367,"date":"2024-10-30T21:18:29","date_gmt":"2024-10-30T21:18:29","guid":{"rendered":"http:\/\/lahora.mx\/?p=54367"},"modified":"2024-10-30T21:18:29","modified_gmt":"2024-10-30T21:18:29","slug":"el-gobernador-sergio-salomon-inaugura-rehabilitacion-de-carreteras-en-nealtican-y-calpan","status":"publish","type":"post","link":"https:\/\/lahora.mx\/index.php\/2024\/10\/30\/el-gobernador-sergio-salomon-inaugura-rehabilitacion-de-carreteras-en-nealtican-y-calpan\/","title":{"rendered":"El gobernador Sergio Salom\u00f3n inaugura rehabilitaci\u00f3n de carreteras en Nealtican y Calpan"},"content":{"rendered":"\n<p>Se entregaron hoy las rehabilitaciones de las rutas de evacuaci\u00f3n n\u00famero 2 en Nealtican y n\u00famero 1 en Calpan con la que se garantiza la seguridad y movilidad de la poblaci\u00f3n ante alguna contingencia por el volc\u00e1n Popocat\u00e9petl.<\/p>\n\n\n\n<p>As\u00ed lo expuso el gobernador de Puebla, Sergio Salom\u00f3n C\u00e9spedes Peregrina, quien sostuvo que a diferencia del pasado y en solo dos a\u00f1os hubo mayor inversi\u00f3n estatal en diferentes rubros para la entidad poblana.<\/p>\n\n\n\n<p>Sergio Salom\u00f3n inaugura rehabilitaci\u00f3n de carreteras en Nealtican y Calpan<br>Agreg\u00f3 que el mejoramiento de las rutas de evacuaci\u00f3n favorece los habitantes en sus actividades diarias para conectarse con otras comunidades.<br>Sergio Salom\u00f3n invit\u00f3 a la poblaci\u00f3n de Nealtican y Calpan a respaldar a la autoridad municipal con la finalidad de que las iniciativas que buscan la paz, progreso y bienestar de cada demarcaci\u00f3n se concreten y no se rezaguen por intereses particulares.<\/p>\n","protected":false},"excerpt":{"rendered":"<p>Se entregaron hoy las rehabilitaciones de las rutas de evacuaci\u00f3n n\u00famero 2 en Nealtican y n\u00famero 1 en Calpan con la que se garantiza la seguridad y movilidad de la poblaci\u00f3n ante alguna contingencia por el volc\u00e1n Popocat\u00e9petl. As\u00ed lo expuso el gobernador de Puebla, Sergio Salom\u00f3n C\u00e9spedes Peregrina, quien sostuvo que a diferencia del [&hellip;]<\/p>\n","protected":false},"author":4,"featured_media":54368,"comment_status":"open","ping_status":"open","sticky":false,"template":"","format":"standard","meta":{"om_disable_all_campaigns":false,"_monsterinsights_skip_tracking":false,"_monsterinsights_sitenote_active":false,"_monsterinsights_sitenote_note":"","_monsterinsights_sitenote_category":0,"footnotes":""},"categories":[175],"tags":[239,223],"class_list":["post-54367","post","type-post","status-publish","format-standard","has-post-thumbnail","hentry","category-local","tag-gobierno","tag-puebla"],"amp_enabled":true,"_links":{"self":[{"href":"https:\/\/lahora.mx\/index.php\/wp-json\/wp\/v2\/posts\/54367","targetHints":{"allow":["GET"]}}],"collection":[{"href":"https:\/\/lahora.mx\/index.php\/wp-json\/wp\/v2\/posts"}],"about":[{"href":"https:\/\/lahora.mx\/index.php\/wp-json\/wp\/v2\/types\/post"}],"author":[{"embeddable":true,"href":"https:\/\/lahora.mx\/index.php\/wp-json\/wp\/v2\/users\/4"}],"replies":[{"embeddable":true,"href":"https:\/\/lahora.mx\/index.php\/wp-json\/wp\/v2\/comments?post=54367"}],"version-history":[{"count":1,"href":"https:\/\/lahora.mx\/index.php\/wp-json\/wp\/v2\/posts\/54367\/revisions"}],"predecessor-version":[{"id":54369,"href":"https:\/\/lahora.mx\/index.php\/wp-json\/wp\/v2\/posts\/54367\/revisions\/54369"}],"wp:featuredmedia":[{"embeddable":true,"href":"https:\/\/lahora.mx\/index.php\/wp-json\/wp\/v2\/media\/54368"}],"wp:attachment":[{"href":"https:\/\/lahora.mx\/index.php\/wp-json\/wp\/v2\/media?parent=54367"}],"wp:term":[{"taxonomy":"category","embeddable":true,"href":"https:\/\/lahora.mx\/index.php\/wp-json\/wp\/v2\/categories?post=54367"},{"taxonomy":"post_tag","embeddable":true,"href":"https:\/\/lahora.mx\/index.php\/wp-json\/wp\/v2\/tags?post=54367"}],"curies":[{"name":"wp","href":"https:\/\/api.w.org\/{rel}","templated":true}]}}