{"id":54362,"date":"2024-10-30T18:31:19","date_gmt":"2024-10-30T18:31:19","guid":{"rendered":"http:\/\/lahora.mx\/?p=54362"},"modified":"2024-10-30T18:31:20","modified_gmt":"2024-10-30T18:31:20","slug":"al-menos-51-muertos-en-valencia-espana-tras-inundaciones","status":"publish","type":"post","link":"https:\/\/lahora.mx\/index.php\/2024\/10\/30\/al-menos-51-muertos-en-valencia-espana-tras-inundaciones\/","title":{"rendered":"Al menos 51 muertos en Valencia, Espa\u00f1a tras inundaciones"},"content":{"rendered":"\n<p>Una depresi\u00f3n aislada en niveles altos (DANA) dej\u00f3 al menos 51 muertos en la provincia oriental espa\u00f1ola de Valencia, incluidos varios menores de edad, informaron hoy las autoridades locales.<\/p>\n\n\n\n<p>La Polic\u00eda local inform\u00f3 que varios fallecidos a\u00fan no son contabilizados oficialmente, adem\u00e1s se\u00f1alaron hay muchas personas desaparecidas, por lo que la cifra de muertos a causa de la DANA podr\u00eda superar los 100.<\/p>\n\n\n\n<p>\u00abLa situaci\u00f3n es dram\u00e1tica\u00bb en muchos municipios de la provincia de Valencia, indicaron fuentes policiales. \u00abSeguramente hasta dentro de un par de d\u00edas no se va a saber la cifra exacta de muertos, pero podr\u00eda haber m\u00e1s de un centenar\u00bb, a\u00f1adieron.<\/p>\n\n\n\n<p>Seg\u00fan medios locales, se est\u00e1 iniciando el proceso del levantamiento e identificaci\u00f3n de los cuerpos, mientras que varias personas m\u00e1s siguen a la espera de poder ser rescatadas con vida.<\/p>\n\n\n\n<p>La DANA, que desde el martes afecta a comunidades aut\u00f3nomas como Valencia, Castilla-La Mancha, Andaluc\u00eda o Madrid, est\u00e1 causando estragos de todo tipo, informaron medios locales.<\/p>\n\n\n\n<p>Las autoridades locales informaron de que amplias zonas de la provincia de Valencia amanecieron tambi\u00e9n con carreteras colapsadas, cortes del suministro el\u00e9ctrico y telecomunicaciones, cierres en varias autopistas e inmensos da\u00f1os materiales debido a la DANA.<\/p>\n\n\n\n<p>Diferentes cuerpos de los servicios de Emergencias, junto con un operativo de unas 150 personas, se desplazaron hasta las \u00e1reas afectadas para realizar operaciones de rescate e intentar localizar a los desaparecidos, se\u00f1alaron las autoridades.<\/p>\n\n\n\n<p>La presidenta del Congreso de los Diputados de Espa\u00f1a, Francina Armengol, decidi\u00f3 suspender la sesi\u00f3n del control al gobierno espa\u00f1ol de este mi\u00e9rcoles y guardar un minuto de silencio por las v\u00edctimas de la DANA, mostrando su apoyo a los servicios p\u00fablicos que trabajan para paliar sus efectos.<\/p>\n\n\n\n<p>Espa\u00f1a ha entrado en la \u00abfase m\u00e1s adversa\u00bb del episodio de lluvias intensas que comenz\u00f3 el pasado lunes, el cual podr\u00eda prolongarse hasta el fin de semana, seg\u00fan la Agencia Estatal de Meteorolog\u00eda (Aemet). Hasta nueve regiones del pa\u00eds est\u00e1n en alerta roja por intensas lluvias, seg\u00fan la Aemet.<\/p>\n","protected":false},"excerpt":{"rendered":"<p>Una depresi\u00f3n aislada en niveles altos (DANA) dej\u00f3 al menos 51 muertos en la provincia oriental espa\u00f1ola de Valencia, incluidos varios menores de edad, informaron hoy las autoridades locales. La Polic\u00eda local inform\u00f3 que varios fallecidos a\u00fan no son contabilizados oficialmente, adem\u00e1s se\u00f1alaron hay muchas personas desaparecidas, por lo que la cifra de muertos a [&hellip;]<\/p>\n","protected":false},"author":4,"featured_media":54363,"comment_status":"open","ping_status":"open","sticky":false,"template":"","format":"standard","meta":{"om_disable_all_campaigns":false,"_monsterinsights_skip_tracking":false,"_monsterinsights_sitenote_active":false,"_monsterinsights_sitenote_note":"","_monsterinsights_sitenote_category":0,"footnotes":""},"categories":[183],"tags":[],"class_list":["post-54362","post","type-post","status-publish","format-standard","has-post-thumbnail","hentry","category-internacional"],"amp_enabled":true,"_links":{"self":[{"href":"https:\/\/lahora.mx\/index.php\/wp-json\/wp\/v2\/posts\/54362","targetHints":{"allow":["GET"]}}],"collection":[{"href":"https:\/\/lahora.mx\/index.php\/wp-json\/wp\/v2\/posts"}],"about":[{"href":"https:\/\/lahora.mx\/index.php\/wp-json\/wp\/v2\/types\/post"}],"author":[{"embeddable":true,"href":"https:\/\/lahora.mx\/index.php\/wp-json\/wp\/v2\/users\/4"}],"replies":[{"embeddable":true,"href":"https:\/\/lahora.mx\/index.php\/wp-json\/wp\/v2\/comments?post=54362"}],"version-history":[{"count":1,"href":"https:\/\/lahora.mx\/index.php\/wp-json\/wp\/v2\/posts\/54362\/revisions"}],"predecessor-version":[{"id":54364,"href":"https:\/\/lahora.mx\/index.php\/wp-json\/wp\/v2\/posts\/54362\/revisions\/54364"}],"wp:featuredmedia":[{"embeddable":true,"href":"https:\/\/lahora.mx\/index.php\/wp-json\/wp\/v2\/media\/54363"}],"wp:attachment":[{"href":"https:\/\/lahora.mx\/index.php\/wp-json\/wp\/v2\/media?parent=54362"}],"wp:term":[{"taxonomy":"category","embeddable":true,"href":"https:\/\/lahora.mx\/index.php\/wp-json\/wp\/v2\/categories?post=54362"},{"taxonomy":"post_tag","embeddable":true,"href":"https:\/\/lahora.mx\/index.php\/wp-json\/wp\/v2\/tags?post=54362"}],"curies":[{"name":"wp","href":"https:\/\/api.w.org\/{rel}","templated":true}]}}