{"id":54352,"date":"2024-10-30T16:38:01","date_gmt":"2024-10-30T16:38:01","guid":{"rendered":"http:\/\/lahora.mx\/?p=54352"},"modified":"2024-10-30T16:38:02","modified_gmt":"2024-10-30T16:38:02","slug":"12-personas-muertas-tras-explosion-en-la-caldera-de-una-empresa-de-fabricacion-de-piezas-de-acero-en-el-municipio-de-xaloztoc-tlaxcala","status":"publish","type":"post","link":"https:\/\/lahora.mx\/index.php\/2024\/10\/30\/12-personas-muertas-tras-explosion-en-la-caldera-de-una-empresa-de-fabricacion-de-piezas-de-acero-en-el-municipio-de-xaloztoc-tlaxcala\/","title":{"rendered":"12 personas muertas tras explosi\u00f3n en la caldera de una empresa de fabricaci\u00f3n de piezas de acero, en el municipio de Xaloztoc, Tlaxcala"},"content":{"rendered":"\n<p>La explosi\u00f3n ocurri\u00f3 cuando el horno de la caldera estall\u00f3, causando una gran destrucci\u00f3n y p\u00e9rdida de vidas.<\/p>\n\n\n\n<p>El hecho se registr\u00f3 alrededor de las 03:15 horas de hoy en la zona de calderas de la empresa Grupo SIMEC, ubicada en avenida Atlax, del corredor industrial del municipio de Xaloztoc.<\/p>\n\n\n\n<p>De acuerdo con expertos, las explosiones en calderas pueden ser causadas por varios factores, incluyendo v\u00e1lvulas de alivio de presi\u00f3n defectuosas, corrosi\u00f3n interna de las placas de la caldera y niveles bajos de agua.<\/p>\n\n\n\n<p>La Polic\u00eda Municipal acudi\u00f3 al lugar del incidente y se coordin\u00f3 con el Servicio M\u00e9dico Forense (Semefo) para el levantamiento de los cuerpos. La investigaci\u00f3n sobre las causas de la explosi\u00f3n est\u00e1 en curso.<\/p>\n\n\n\n<p>El asesor jur\u00eddico de la Confederaci\u00f3n de Trabajadores de M\u00e9xico (CTM) en Tlaxcala, V\u00edctor L\u00f3pez Hern\u00e1ndez, dio a conocer que en el \u00e1rea se encontraban laborando varias personas cuando ocurri\u00f3 la explosi\u00f3n de la caldera, public\u00f3 La Jornada de Oriente.<\/p>\n\n\n\n<p>\u201cEn el \u00e1rea se encontraban laborando varios compa\u00f1eros y el \u00faltimo reporte es que hay 11 personas fallecidas, de las cuales siete son sindicalizados y cuatro no estaban agremiadas\u201d, se\u00f1al\u00f3 el asesor jur\u00eddico de la CTM en Tlaxcala.<\/p>\n","protected":false},"excerpt":{"rendered":"<p>La explosi\u00f3n ocurri\u00f3 cuando el horno de la caldera estall\u00f3, causando una gran destrucci\u00f3n y p\u00e9rdida de vidas. El hecho se registr\u00f3 alrededor de las 03:15 horas de hoy en la zona de calderas de la empresa Grupo SIMEC, ubicada en avenida Atlax, del corredor industrial del municipio de Xaloztoc. De acuerdo con expertos, las [&hellip;]<\/p>\n","protected":false},"author":4,"featured_media":54353,"comment_status":"open","ping_status":"open","sticky":false,"template":"","format":"standard","meta":{"om_disable_all_campaigns":false,"_monsterinsights_skip_tracking":false,"_monsterinsights_sitenote_active":false,"_monsterinsights_sitenote_note":"","_monsterinsights_sitenote_category":0,"footnotes":""},"categories":[175,226],"tags":[223,210],"class_list":["post-54352","post","type-post","status-publish","format-standard","has-post-thumbnail","hentry","category-local","category-policia","tag-puebla","tag-tlaxcala"],"amp_enabled":true,"_links":{"self":[{"href":"https:\/\/lahora.mx\/index.php\/wp-json\/wp\/v2\/posts\/54352","targetHints":{"allow":["GET"]}}],"collection":[{"href":"https:\/\/lahora.mx\/index.php\/wp-json\/wp\/v2\/posts"}],"about":[{"href":"https:\/\/lahora.mx\/index.php\/wp-json\/wp\/v2\/types\/post"}],"author":[{"embeddable":true,"href":"https:\/\/lahora.mx\/index.php\/wp-json\/wp\/v2\/users\/4"}],"replies":[{"embeddable":true,"href":"https:\/\/lahora.mx\/index.php\/wp-json\/wp\/v2\/comments?post=54352"}],"version-history":[{"count":1,"href":"https:\/\/lahora.mx\/index.php\/wp-json\/wp\/v2\/posts\/54352\/revisions"}],"predecessor-version":[{"id":54354,"href":"https:\/\/lahora.mx\/index.php\/wp-json\/wp\/v2\/posts\/54352\/revisions\/54354"}],"wp:featuredmedia":[{"embeddable":true,"href":"https:\/\/lahora.mx\/index.php\/wp-json\/wp\/v2\/media\/54353"}],"wp:attachment":[{"href":"https:\/\/lahora.mx\/index.php\/wp-json\/wp\/v2\/media?parent=54352"}],"wp:term":[{"taxonomy":"category","embeddable":true,"href":"https:\/\/lahora.mx\/index.php\/wp-json\/wp\/v2\/categories?post=54352"},{"taxonomy":"post_tag","embeddable":true,"href":"https:\/\/lahora.mx\/index.php\/wp-json\/wp\/v2\/tags?post=54352"}],"curies":[{"name":"wp","href":"https:\/\/api.w.org\/{rel}","templated":true}]}}