{"id":54345,"date":"2024-10-30T01:01:26","date_gmt":"2024-10-30T01:01:26","guid":{"rendered":"http:\/\/lahora.mx\/?p=54345"},"modified":"2024-10-30T01:01:26","modified_gmt":"2024-10-30T01:01:26","slug":"aumento-al-pasaje-ha-quedado-fuera-de-las-mesas-de-analisis-gobernador","status":"publish","type":"post","link":"https:\/\/lahora.mx\/index.php\/2024\/10\/30\/aumento-al-pasaje-ha-quedado-fuera-de-las-mesas-de-analisis-gobernador\/","title":{"rendered":"Aumento al pasaje ha quedado fuera de las mesas de an\u00e1lisis: gobernador"},"content":{"rendered":"\n<p>El aumento a las tarifas del transporte p\u00fablico no se ha abordado en las mesas de trabajo con los transportistas que las demandan, ya que por ahora se ha hecho un an\u00e1lisis de los avances en los compromisos que hicieron para modernizar las unidades cuando se autoriz\u00f3 el \u00faltimo ajuste, en 2019, inform\u00f3 el Secretario de Gobernaci\u00f3n, Javier Aquino Lim\u00f3n, quien dijo que las presiones no ser\u00e1n la v\u00eda para que el Estado ceda a las peticiones.<\/p>\n\n\n\n<p>Tras la manifestaci\u00f3n que realizaron ayer un grupo de transportistas frente al Centro Integral de Servicios (CIS) en Angel\u00f3polis, para demandar un incremento que permita cobrar al usuario hasta 19 pesos, el Secretario dio a conocer que el pr\u00f3ximo jueves realizar\u00e1 una mesa de trabajo m\u00e1s para atenderlos, en la que tambi\u00e9n participar\u00e1 la Secretar\u00eda de Movilidad y Transporte.<\/p>\n\n\n\n<p>\u201cVamos a ser muy responsables, no cerramos la puerta por supuesto, pero tampoco podemos decir que s\u00ed va un aumento cuando no hay condiciones todav\u00eda de an\u00e1lisis\u201d, dijo al tiempo de se\u00f1alar que no se trata de ponerle una \u201ccamisa de fuerza\u201d al tema para que forzosamente se resuelva en el actual gobierno, dado que la autoridad electa tambi\u00e9n est\u00e1 participando en las mesas de di\u00e1logo.<br>Aquino se\u00f1al\u00f3 que el Estado no puede atender de manera unilateral el tema, ya que se trata de un solo sector del transporte y tambi\u00e9n se debe escuchar al resto del gremio y la opini\u00f3n de los ciudadanos sobre un posible incremento en las tarifas.<\/p>\n\n\n\n<p>\u201cSi se busca un acuerdo consensuado va a ser mejor que si se busca bajo presi\u00f3n, porque eso no va a ocurrir, no vamos a permitir que sea esa la soluci\u00f3n, queremos ser muy responsables tanto derecho tienen ellos a mejorar como tambi\u00e9n la ciudadan\u00eda a tener un servicio de calidad, es el punto cr\u00edtico\u201d, dijo al tiempo de exhortar a que los demandantes eviten el paro de actividades con el que amagan, ya que perjudicar\u00edan a los usuarios.<\/p>\n\n\n\n<p>Cuestionado sobre la posibilidad de que el gobierno otorgue un subsidio para los transportistas, como ocurre con la Red Urbana de Transporte Articulado (RUTA), refiri\u00f3 que es una medida que tambi\u00e9n se ha sometido a an\u00e1lisis porque as\u00ed funciona en otros estados; no obstante, en ese caso se dejar\u00eda de invertir en determinadas obras y servicios para apoyar a quienes prestan el servicio colectivo.<\/p>\n\n\n\n<p>Transiciones en Chignahuapan y Venustiano Carranza no han afectado la seguridad<br>El Secretario de Gobernaci\u00f3n dio a conocer que el cambio de autoridades que han tenido Chignahuapan y Venustiano Carranza en las \u00faltimas dos semanas no ha afectado las tareas de seguridad, porque se mantienen los mandos a pesar de que han gobernado concejos municipales y ahora los ediles electos el 2 de junio.<br>\u201cEn el tema pr\u00e1ctico en los municipios, por ejemplo, en Venustiano Carranza el presidente entrante decidi\u00f3 que el mando policial fuera el mismo que ya estaba nombrado y en Chignahuapan tambi\u00e9n, es decir, en el tema de seguridad no ha habido cambios y eso ha sido bueno porque desde el primer d\u00eda, 15 de octubre, que se nombr\u00f3 el mando este ha sido ratificado y al d\u00eda de hoy no tenemos alguna complicaci\u00f3n\u201d, dijo al tiempo de se\u00f1alar que lo anterior tambi\u00e9n da muestra de que los ediles tienen la intenci\u00f3n de trabajar coordinadamente.<\/p>\n\n\n\n<p>Por \u00faltimo dio a conocer que en ambos municipios los mandos de la seguridad son elementos de la Marina y que en coordinaci\u00f3n con la Secretar\u00eda de la Funci\u00f3n P\u00fablica y la Auditor\u00eda Superior del Estado se apoya en los procedimientos administrativos de la entrega recepci\u00f3n.<\/p>\n","protected":false},"excerpt":{"rendered":"<p>El aumento a las tarifas del transporte p\u00fablico no se ha abordado en las mesas de trabajo con los transportistas que las demandan, ya que por ahora se ha hecho un an\u00e1lisis de los avances en los compromisos que hicieron para modernizar las unidades cuando se autoriz\u00f3 el \u00faltimo ajuste, en 2019, inform\u00f3 el Secretario [&hellip;]<\/p>\n","protected":false},"author":4,"featured_media":54346,"comment_status":"open","ping_status":"open","sticky":false,"template":"","format":"standard","meta":{"om_disable_all_campaigns":false,"_monsterinsights_skip_tracking":false,"_monsterinsights_sitenote_active":false,"_monsterinsights_sitenote_note":"","_monsterinsights_sitenote_category":0,"footnotes":""},"categories":[175],"tags":[239,223],"class_list":["post-54345","post","type-post","status-publish","format-standard","has-post-thumbnail","hentry","category-local","tag-gobierno","tag-puebla"],"amp_enabled":true,"_links":{"self":[{"href":"https:\/\/lahora.mx\/index.php\/wp-json\/wp\/v2\/posts\/54345","targetHints":{"allow":["GET"]}}],"collection":[{"href":"https:\/\/lahora.mx\/index.php\/wp-json\/wp\/v2\/posts"}],"about":[{"href":"https:\/\/lahora.mx\/index.php\/wp-json\/wp\/v2\/types\/post"}],"author":[{"embeddable":true,"href":"https:\/\/lahora.mx\/index.php\/wp-json\/wp\/v2\/users\/4"}],"replies":[{"embeddable":true,"href":"https:\/\/lahora.mx\/index.php\/wp-json\/wp\/v2\/comments?post=54345"}],"version-history":[{"count":1,"href":"https:\/\/lahora.mx\/index.php\/wp-json\/wp\/v2\/posts\/54345\/revisions"}],"predecessor-version":[{"id":54347,"href":"https:\/\/lahora.mx\/index.php\/wp-json\/wp\/v2\/posts\/54345\/revisions\/54347"}],"wp:featuredmedia":[{"embeddable":true,"href":"https:\/\/lahora.mx\/index.php\/wp-json\/wp\/v2\/media\/54346"}],"wp:attachment":[{"href":"https:\/\/lahora.mx\/index.php\/wp-json\/wp\/v2\/media?parent=54345"}],"wp:term":[{"taxonomy":"category","embeddable":true,"href":"https:\/\/lahora.mx\/index.php\/wp-json\/wp\/v2\/categories?post=54345"},{"taxonomy":"post_tag","embeddable":true,"href":"https:\/\/lahora.mx\/index.php\/wp-json\/wp\/v2\/tags?post=54345"}],"curies":[{"name":"wp","href":"https:\/\/api.w.org\/{rel}","templated":true}]}}