{"id":54324,"date":"2024-10-09T00:35:13","date_gmt":"2024-10-09T00:35:13","guid":{"rendered":"http:\/\/lahora.mx\/?p=54324"},"modified":"2024-10-30T00:50:03","modified_gmt":"2024-10-30T00:50:03","slug":"fomenta-congreso-del-estado-cuidado-de-la-salud-mental-entre-el-personal","status":"publish","type":"post","link":"https:\/\/lahora.mx\/index.php\/2024\/10\/09\/fomenta-congreso-del-estado-cuidado-de-la-salud-mental-entre-el-personal\/","title":{"rendered":"Fomenta Congreso del Estado cuidado de la salud mental entre el personal"},"content":{"rendered":"\n<p>Para generar condiciones de bienestar entre el personal del Congreso del Estado, se llev\u00f3 a cabo el taller \u201cCuidado de la salud mental en el servicio p\u00fablico: un compromiso doble\u201d, impulsado por el Voluntariado y la Unidad para la Igualdad de G\u00e9nero de la LXII Legislatura.<\/p>\n\n\n\n<p>Al dar la bienvenida, la presidenta de la Junta de Gobierno y Coordinaci\u00f3n Pol\u00edtica, Laura Artemisa Garc\u00eda Ch\u00e1vez destac\u00f3 que la salud mental es muy importante en el desarrollo personal, ya que impacta en todos los \u00e1mbitos en los que se desenvuelve el ser humano.<\/p>\n\n\n\n<p>La diputada se\u00f1al\u00f3 que la pandemia de COVID-19 provoc\u00f3 afectaciones en la salud mental y espacios como este taller tienen el objetivo de mejorar la calidad de vida de las personas, as\u00ed como impactar en su bienestar.<\/p>\n\n\n\n<p>El taller fue impartido por la psic\u00f3loga Laura Daniela Pacheco Garc\u00eda, quien explic\u00f3 que los problemas de salud mental tienen un impacto directo en los lugares de trabajo al aumentar el ausentismo, reducir la productividad y aumentar los costos de la atenci\u00f3n m\u00e9dica.<\/p>\n\n\n\n<p>Expuso que la ansiedad es una respuesta natural del cuerpo a situaciones de estr\u00e9s o peligro, sin embargo, cuando la ansiedad se vuelve abrumadora e interfiere con la vida cotidiana, puede convertirse en un trastorno.<\/p>\n\n\n\n<p>Durante el taller, se\u00f1al\u00f3 que algunas estrategias que se pueden aplicar para mejorar la salud mental son las respiraciones, mindfulness, alimentaci\u00f3n sana, hablar con un especialista o persona de confianza, escribir y realizar actividad f\u00edsica.<\/p>\n\n\n\n<p>En la actividad estuvieron presentes directoras, directores y titulares de diferentes \u00f3rganos t\u00e9cnico-administrativos, as\u00ed como las diputadas Fedrha Isabel Suriano Corrales, Delfina Pozos Vergara y Esther Mart\u00ednez Romano.<\/p>\n\n\n\n<p><\/p>\n","protected":false},"excerpt":{"rendered":"<p>Para generar condiciones de bienestar entre el personal del Congreso del Estado, se llev\u00f3 a cabo el taller \u201cCuidado de la salud mental en el servicio p\u00fablico: un compromiso doble\u201d, impulsado por el Voluntariado y la Unidad para la Igualdad de G\u00e9nero de la LXII Legislatura. Al dar la bienvenida, la presidenta de la Junta [&hellip;]<\/p>\n","protected":false},"author":4,"featured_media":54332,"comment_status":"open","ping_status":"open","sticky":false,"template":"","format":"standard","meta":{"om_disable_all_campaigns":false,"_monsterinsights_skip_tracking":false,"_monsterinsights_sitenote_active":false,"_monsterinsights_sitenote_note":"","_monsterinsights_sitenote_category":0,"footnotes":""},"categories":[175],"tags":[227,223],"class_list":["post-54324","post","type-post","status-publish","format-standard","has-post-thumbnail","hentry","category-local","tag-congreso","tag-puebla"],"amp_enabled":true,"_links":{"self":[{"href":"https:\/\/lahora.mx\/index.php\/wp-json\/wp\/v2\/posts\/54324","targetHints":{"allow":["GET"]}}],"collection":[{"href":"https:\/\/lahora.mx\/index.php\/wp-json\/wp\/v2\/posts"}],"about":[{"href":"https:\/\/lahora.mx\/index.php\/wp-json\/wp\/v2\/types\/post"}],"author":[{"embeddable":true,"href":"https:\/\/lahora.mx\/index.php\/wp-json\/wp\/v2\/users\/4"}],"replies":[{"embeddable":true,"href":"https:\/\/lahora.mx\/index.php\/wp-json\/wp\/v2\/comments?post=54324"}],"version-history":[{"count":1,"href":"https:\/\/lahora.mx\/index.php\/wp-json\/wp\/v2\/posts\/54324\/revisions"}],"predecessor-version":[{"id":54333,"href":"https:\/\/lahora.mx\/index.php\/wp-json\/wp\/v2\/posts\/54324\/revisions\/54333"}],"wp:featuredmedia":[{"embeddable":true,"href":"https:\/\/lahora.mx\/index.php\/wp-json\/wp\/v2\/media\/54332"}],"wp:attachment":[{"href":"https:\/\/lahora.mx\/index.php\/wp-json\/wp\/v2\/media?parent=54324"}],"wp:term":[{"taxonomy":"category","embeddable":true,"href":"https:\/\/lahora.mx\/index.php\/wp-json\/wp\/v2\/categories?post=54324"},{"taxonomy":"post_tag","embeddable":true,"href":"https:\/\/lahora.mx\/index.php\/wp-json\/wp\/v2\/tags?post=54324"}],"curies":[{"name":"wp","href":"https:\/\/api.w.org\/{rel}","templated":true}]}}